{"id":886,"date":"2016-11-20T15:38:29","date_gmt":"2016-11-20T15:38:29","guid":{"rendered":"https:\/\/www.inforesidencias.com\/blog\/?p=886"},"modified":"2016-10-13T15:39:42","modified_gmt":"2016-10-13T15:39:42","slug":"el-cohousing-para-mayores-en-estocolmo-la-vision-del-arquitecto-marc-trepat","status":"publish","type":"post","link":"https:\/\/www.inforesidencias.com\/blog\/index.php\/2016\/11\/20\/el-cohousing-para-mayores-en-estocolmo-la-vision-del-arquitecto-marc-trepat\/","title":{"rendered":"El cohousing para mayores en Estocolmo. La visi\u00f3n del arquitecto Marc Trepat"},"content":{"rendered":"<p><strong><em>Cohousing<\/em><\/strong><\/p>\n<p>En el viaje geroasistencial a Estocolmo entre los d\u00edas 6 y 10 de junio, visitamos un edificio dise\u00f1ado a partir de la idea del cohousing para mayores. Tenia unas caracter\u00edsticas bastante diferentes a lo que entendemos en Espa\u00f1a por el \u201cSenior Cohousing\u201d que me gustar\u00eda comentar, pero antes creo interesante repasar el significado de esta palabra inglesa que se ha puesto tan de moda: <strong>el cohousing<\/strong>.<\/p>\n<p>&nbsp;<\/p>\n<p>Cohousing es la contracci\u00f3n de las palabras inglesas \u201cCollaborative Housing\u201d, y, fundamentalmente, significa una agrupaci\u00f3n de viviendas creadas en base al \u201cco-desarrollo\u201d, \u201cco-dise\u00f1o\u201d y \u201cco-organizaci\u00f3n\u201d por parte de los futuros residentes. Para entender lo que es el Senior Cohousing podemos usar como gu\u00eda el libro de \u201cEl Manual del Senior Cohousing\u201d de Charles Durret. El cohousing, o viviendas colaborativas en espa\u00f1ol, son agrupaciones de viviendas dise\u00f1adas y construidas a partir de las decisiones tomadas por un grupo de personas mediante un m\u00e9todo colaborativo y democr\u00e1tico, donde la propiedad no es individual pero si el uso. Se trata, pues, de la mezcla o simbiosis entre la creaci\u00f3n de un proyecto para la vida en com\u00fan a partir de la econom\u00eda colaborativa de manera de evitar cualquier modo especulativo. Por tanto, puede haber tantos tipos diferentes de cohousing como unidades existan, porque cada cohousing se dise\u00f1a a partir de las ideas y voluntades de sus promotores que son siempre los usuarios finales iniciales y quienes fijan las normas para la gesti\u00f3n de las listas de espera futuras.<\/p>\n<p>&nbsp;<\/p>\n<p><strong>Senior cohousing<\/strong> se refiere a las comunidades de viviendas de car\u00e1cter colaborativo quienes promotores son persones mayores que deciden libremente crearlos seg\u00fan sus criterios. Personas mayores de 50 a\u00f1os que empiezan a pensar en su futuro para cuando sean m\u00e1s mayores y no quieren ser una carga para sus hijos y familiares.<\/p>\n<p>&nbsp;<\/p>\n<p>Es evidente que el sistema de cohousing no es limitativo para mayores, pero si es cierto que se da m\u00e1s en esta franja de edad. Sin embargo tambi\u00e9n es cierto que puede haber cohousings intergeneracionales y incluso para personas j\u00f3venes,<\/p>\n<p>&nbsp;<\/p>\n<p><strong><em>Cohousing Sj\u00f6fartens Bogemenskap en el barrio de <\/em><\/strong><strong><em>Hammarby Sj\u00f6stad en Estocolmo <\/em><\/strong><\/p>\n<div id=\"attachment_887\" style=\"width: 435px\" class=\"wp-caption aligncenter\"><a href=\"https:\/\/www.inforesidencias.com\/blog\/wp-content\/uploads\/2016\/10\/jardin.jpg\"><img aria-describedby=\"caption-attachment-887\" decoding=\"async\" loading=\"lazy\" class=\"size-full wp-image-887\" src=\"https:\/\/www.inforesidencias.com\/blog\/wp-content\/uploads\/2016\/10\/jardin.jpg\" alt=\"Exterior de un edificio con cohousing de mayores en Suecia\" width=\"425\" height=\"362\" \/><\/a><p id=\"caption-attachment-887\" class=\"wp-caption-text\">Exterior de un edificio con cohousing de mayores en Suecia<\/p><\/div>\n<p>Imagen general del edificio.<\/p>\n<p>&nbsp;<\/p>\n<p>Se trata de un edificio autogestionado (cohousing) en r\u00e9gimen de alquiler, inicialmente para personas de m\u00e1s de 40 a\u00f1os. El grupo de personas que lo impuls\u00f3 se inspir\u00f3 en el colectivo \u201cF\u00e4rdkn\u00e4ppen\u201d i crearon una asociaci\u00f3n econ\u00f3mica en el a\u00f1o 2006. Posteriormente acordaron con la inmobiliaria municipal Familjebost\u00e4der la construcci\u00f3n del edificio y su alquiler a un precio reducido. La asociaci\u00f3n gestiona el centro seg\u00fan sus base estatutarias y de forma totalmente democr\u00e1tica y no jer\u00e1rquica.<\/p>\n<p>&nbsp;<\/p>\n<p>El edificio tiene 47 apartamentos de un solo espacio, 1 y 2 habitaciones. Tienen espacios comunitarios como salas de estar, cocina, comedor, sauna, lavander\u00eda, etc. Incluso en la planta 5 hay algunas viviendas peque\u00f1as que se pueden alquilar por d\u00edas para familiares y visitas. Al contrario de muchos otros co-housing, en este caso se trata de un edificio situado en la ciudad, y no de una agrupaci\u00f3n de casas unifamiliares.<\/p>\n<p>&nbsp;<\/p>\n<p>La creaci\u00f3n de este cohousing sea gestado tal i como se explica en el libro de Charles Durret, a partir de la asociaci\u00f3n de personas de forma democr\u00e1tica y no jer\u00e1rquica, pero no se ha construido a partir de la econom\u00eda colaborativa, tal y como se est\u00e1n planteando todos los proyectos en Espa\u00f1a y en general en todo el mundo. En este proyecto hay tres patas, la asociaci\u00f3n que propone el proyecto, la administraci\u00f3n p\u00fablica que lo aprueba desde el punto de vista urban\u00edstico (creo que el suelo era p\u00fablico), pero la gran diferencia es que hay la figura del promotor (en este caso p\u00fablico), propietario del edificio que lo alquila a la asociaci\u00f3n.<\/p>\n<p>&nbsp;<\/p>\n<p>A pesar de ello, esto no significa que se pueda alquilar a quien quiera el propietario (la empresa inmobiliaria p\u00fablica), sino que el funcionamiento sigue las pautas generales del cohousing, es decir, las listas de espera y los futuros inquilinos se tramitan por parte de la asociaci\u00f3n. La curiosidad en este caso era la edad inicial necesaria para poder vivir en este edificio: tener m\u00e1s de 40 a\u00f1os e hijos de m\u00e1s de 18 a\u00f1os. Esta caracter\u00edstica, seg\u00fan nos explicaron fue la primera cosa que se modific\u00f3, ya que se dieron cuenta que todos eran muy mayores y prefer\u00edan que hubiera m\u00e1s gente joven, por tanto, desde muy pronto, los criterios de lista de espera se modificaron a personas de m\u00e1s de 30 a\u00f1os con hijos mayores de 10 a\u00f1os.<\/p>\n<p>&nbsp;<\/p>\n<div id=\"attachment_888\" style=\"width: 435px\" class=\"wp-caption aligncenter\"><a href=\"https:\/\/www.inforesidencias.com\/blog\/wp-content\/uploads\/2016\/10\/biblioteca.jpg\"><img aria-describedby=\"caption-attachment-888\" decoding=\"async\" loading=\"lazy\" class=\"wp-image-888 size-full\" src=\"https:\/\/www.inforesidencias.com\/blog\/wp-content\/uploads\/2016\/10\/biblioteca.jpg\" alt=\"Una zona de vida comun en un cohousing de Estocolmo  Suecia\" width=\"425\" height=\"266\" \/><\/a><p id=\"caption-attachment-888\" class=\"wp-caption-text\">Una zona de vida comun en un cohousing de Estocolmo Suecia<\/p><\/div>\n<p>Zona de estar-biblioteca del co-housing Sj\u00f6fartens Bogemenskap<\/p>\n<p>&nbsp;<\/p>\n<p>Otro de los aspectos que me llamaron poderosamente la atenci\u00f3n es que la asociaci\u00f3n tiene organizada la convivencia con algunos aspectos de obligado cumplimiento que se me antojan dif\u00edciles que se puedan dar en nuestro pa\u00eds. Se han organizado en 6 grupos y cada uno de ellos tiene la obligaci\u00f3n de cocinar para todo el grupo una semana de cada 6, y comer lo que cocinan los otros grupos durante las siguientes 5 semanas. Si bien es cierto que esto se da solo en las cenas y de martes a viernes. Tambi\u00e9n toca hacer la limpieza de las zonas comunes una semana de cada 12. No es que me pareca mal, pero creco que en Espa\u00f1a nos decidir\u00edamos por contratar un cocinero o cocinera y una empresa de limpieza, pero est\u00e1 claro que el hecho de compartir es m\u00e1s interesante cuando hay un espacio en el que, por imperativo, debes compartir tus habilidades culinarias y poder contribuir al \u201cteam building\u201d o conciencia de equipo, familia o amistad.<\/p>\n<div id=\"attachment_889\" style=\"width: 435px\" class=\"wp-caption aligncenter\"><a href=\"https:\/\/www.inforesidencias.com\/blog\/wp-content\/uploads\/2016\/10\/cocina.jpg\"><img aria-describedby=\"caption-attachment-889\" decoding=\"async\" loading=\"lazy\" class=\"size-full wp-image-889\" src=\"https:\/\/www.inforesidencias.com\/blog\/wp-content\/uploads\/2016\/10\/cocina.jpg\" alt=\"La cocina es un elemento de comunidad importante en un cohousing de Suecia\" width=\"425\" height=\"317\" \/><\/a><p id=\"caption-attachment-889\" class=\"wp-caption-text\">La cocina es un elemento de comunidad importante en un cohousing de Suecia<\/p><\/div>\n<p>La gran concina dom\u00e9stica com\u00fan.<\/p>\n<p><strong><em>\u00a0<\/em><\/strong><\/p>\n<p><strong><em>Conclusiones, dudas y debate<\/em><\/strong><\/p>\n<p>&nbsp;<\/p>\n<p>Como he comentado al principio, cada cohousing puede ser como sus usuarios quieren que sea, y por tanto puede haber tantos tipos como unidades de cohousing como se creen. Sj\u00f6fartens Bogemenskap estaba formulado de esta manera, pero es evidente que puede haber cohousing que tengan por motivo fundacional o como condicionante multitud de par\u00e1metros como por ejemplo tener una profesi\u00f3n concreta, una galibo de edad marcado, una mentalidad pol\u00edtica determinada, una condici\u00f3n sexual, o otros motivos que permitan la mezcla de diferentes caracter\u00edsticas, etc. Lo que est\u00e1 claro es que se trata siempre de la generaci\u00f3n de vivienda a partir de la voluntad, las ideas y el dise\u00f1o mediante una asociaci\u00f3n de personas siempre con la voluntad de compartir espacios comunes y con unas normas generadas con sistemas democr\u00e1ticos no jer\u00e1rquicos.<\/p>\n<p>&nbsp;<\/p>\n<p>Hay un aspecto que va ligado siempre a los co-housing, que es la sostenibilidad. En este aspecto, el co-housing Sj\u00f6fartens Bogemenskap es un ejemplo porque se ha configurado como un edificio dentro de un barrio de la ciudad. De hecho se trata de un barrio que ha nacido de una gran reforma urbana de una zona portuaria e industrial. La imagen que tenemos de los co-housings sobre todo en EEUU i Canad\u00e1. Son agrupaciones de casas unifamiliares independientes o, a lo sumo, pareadas. Es una imagen muy buc\u00f3lica y done nos gustar\u00eda mucho vivir a todos, pero, tambi\u00e9n es cierto que un edificio compacto tienen unas condiciones mucho m\u00e1s sostenibles que una agrupaci\u00f3n de casas.<\/p>\n<p>&nbsp;<\/p>\n<p>Sabemos que los cohousing nacieron en Dinamarca y se han extendido por todos los pa\u00edses n\u00f3rdicos, en EEUU y Canad\u00e1, tambi\u00e9n hay experiencias en los Pa\u00edses Bajos y en Alemania, y se esta empezando a trabajar en Espa\u00f1a, donde la Asociaci\u00f3n Jubilares hace un trabajo de asesoramiento y acompa\u00f1amiento realmente extraordinario. Pero yo tengo algunas dudas, seguramente por desconocimiento, y me gustar\u00eda exponerlas con el objetivo de generar el debate entre los lectores del Blog. Estas dudas son:<\/p>\n<p>&nbsp;<\/p>\n<ul>\n<li>En un pa\u00eds como Espa\u00f1a, donde la consciencia de la propiedad privada est\u00e1 tan extendida, \u00bfpuede tener \u00e9xito el sistema cohousing a partir de la propiedad compartida con derecho de uso ilimitado? Es posible que la crisis ayude a este cambio de paradigma.<\/li>\n<li>Charles Durret defiende que el sistema cohousing tiene unos l\u00edmites entre 6 y 35 unidades de vivienda, \u00bfproyecto como el de Santander de 200 viviendas tienen sentido? \u00bfPuede ser viable desde el punto de vista organizativo no jer\u00e1rquico? Me temo que no, pero seria interesante abrir el debate en este punto tambi\u00e9n<\/li>\n<li>Parece que el sistema cohousing tiene sentido para obras de nueva planta, porqu\u00e9 su creaci\u00f3n, forma, dise\u00f1o viene determinado por la voluntad y las ideas de convivencia de cada una de las asociaciones que los promueven. \u00bfQu\u00e9 pasar\u00e1 cuando haya muchos cohousings construidos y quiz\u00e1s no tenga sentido construir m\u00e1s? \u00bfQue pasar\u00e1 con los construidos que por el motivo que sea (mala gesti\u00f3n, renovaci\u00f3n de personas que hacen perder el sentido original fundacional, deterioro de los inmuebles, etc.) queden obsoletos y abandonados?<\/li>\n<li>Por \u00faltimo, \u00bfno cre\u00e9is que el sistema de senior cohousing puede llegar a ser algo parecido a un \u201cgueto\u201d y que seria mejor hablar de cohousings intergeneracionales como es el caso que he presentado?<\/li>\n<\/ul>\n<p>&nbsp;<\/p>\n<p>Hemos visto un ejemplo en Estocolmo de colaboraci\u00f3n p\u00fablico privada, con la creaci\u00f3n de un cohousing a partir del sistema tradicional de asociaci\u00f3n de personas y la colaboraci\u00f3n de la administraci\u00f3n p\u00fablica en la construcci\u00f3n del edificio, \u00bfes posible este sistema en Espa\u00f1a? A esta \u00faltima pregunta me atrevo a decir que deber\u00eda ser posible, pero me temo que nuestra sociedad no est\u00e1 tan acostumbrada a tener iniciativas comunes y a cuidar patrimonios p\u00fablicos como la Sueca. Es cierto que las pol\u00edticas de los municipios en los \u00faltimos tiempos establecen sistemas de participaci\u00f3n vecinal para la gesti\u00f3n y dise\u00f1o de partes de la ciudad y que, por extensi\u00f3n, el sistema puede permitir la creaci\u00f3n de co-housings. Nuestra evoluci\u00f3n como sociedad nos dar\u00e1 la respuesta.<\/p>\n<p>&nbsp;<\/p>\n<p>Links de inter\u00e9s:<\/p>\n<p>&nbsp;<\/p>\n<p><a href=\"http:\/\/www.cohousingco.com\/\">http:\/\/www.cohousingco.com\/<\/a> Se trata de la p\u00e1gina web nada m\u00e1s y nada menos del estudio de arquitectura de Charles Durret, un experto en el dise\u00f1o de co-housings.<\/p>\n<p>&nbsp;<\/p>\n<p><a href=\"http:\/\/www.jubilares.es\/\">http:\/\/www.jubilares.es\/<\/a> La web de la asociaci\u00f3n Jubilares quienes con la ayuda de crowfunding han conseguido traducir el libro \u201cEl Manual del Senior Cohousing\u201d al castellano. Se trta de un libro absolutamente imprescindible para tener un conocimiento realmente interesante sobre el Co-housing.<\/p>\n<p>&nbsp;<\/p>\n<p><a href=\"http:\/\/kollektivhus.nu\/english\/index_eng.html\">http:\/\/kollektivhus.nu\/english\/index_eng.html<\/a> Web sueca de la asociaci\u00f3n nacional del Co-housing sueco. Una web interesante para conocer los co-housings que se est\u00e1n desarrollando en Suecia.<\/p>\n<p>&nbsp;<\/p>\n<p><a href=\"http:\/\/www.familjebostader.com\/\">http:\/\/www.familjebostader.com\/<\/a> Web de la empresa p\u00fablica Familjebost\u00e4der que ha construido el co-housing que visitamos con inforesidencias.com.<\/p>\n<p>&nbsp;<\/p>\n<p><a href=\"http:\/\/sjofarten.se\/\">http:\/\/sjofarten.se\/<\/a> Web del co-housing Sj\u00f6fartens Bogemenskap que visitamos con inforesidencias.com.<\/p>\n<p>&nbsp;<\/p>\n<p>Marc Trepat Carbonell<\/p>\n<p><a href=\"mailto:marc.trepat@bta.cat\">marc.trepat@bta.cat<\/a><\/p>\n<p>&nbsp;<\/p>\n","protected":false},"excerpt":{"rendered":"<p>Cohousing En el viaje geroasistencial a Estocolmo entre los d\u00edas 6 y 10 de junio, visitamos un edificio dise\u00f1ado a partir de la idea del cohousing para mayores. Tenia unas caracter\u00edsticas bastante diferentes a lo que entendemos en Espa\u00f1a por el \u201cSenior Cohousing\u201d que me gustar\u00eda comentar, pero antes creo interesante repasar el significado de esta palabra inglesa que se ha puesto tan de moda: el cohousing. &nbsp; Cohousing es la contracci\u00f3n de las palabras inglesas \u201cCollaborative Housing\u201d, y, fundamentalmente, significa una agrupaci\u00f3n de viviendas creadas en base al \u201cco-desarrollo\u201d, \u201cco-dise\u00f1o\u201d y \u201cco-organizaci\u00f3n\u201d por parte de los futuros residentes. Para entender lo que es el Senior Cohousing podemos usar como gu\u00eda el libro de \u201cEl Manual del Senior Cohousing\u201d de Charles Durret. El cohousing, o viviendas colaborativas en espa\u00f1ol, son agrupaciones de viviendas dise\u00f1adas y construidas a partir de las decisiones tomadas por un grupo de personas mediante un m\u00e9todo [&hellip;]<\/p>\n","protected":false},"author":2,"featured_media":887,"comment_status":"open","ping_status":"open","sticky":false,"template":"","format":"standard","meta":{"footnotes":""},"categories":[14,3,5],"tags":[],"yoast_head":"<!-- This site is optimized with the Yoast SEO plugin v21.7 - https:\/\/yoast.com\/wordpress\/plugins\/seo\/ -->\n<title>El cohousing para mayores en Estocolmo. La visi\u00f3n del arquitecto Marc Trepat - Blog Inforesidencias.com<\/title>\n<meta name=\"description\" content=\"El cohousing como forma de vida para personas mayores puede ense\u00f1arnos mucho. La visi\u00f3n de Marc Trepat, arquitecto puede ilustrar mucho la situaci\u00f3n.\" \/>\n<meta name=\"robots\" content=\"index, follow, max-snippet:-1, max-image-preview:large, max-video-preview:-1\" \/>\n<link rel=\"canonical\" href=\"https:\/\/www.inforesidencias.com\/blog\/index.php\/2016\/11\/20\/el-cohousing-para-mayores-en-estocolmo-la-vision-del-arquitecto-marc-trepat\/\" \/>\n<meta property=\"og:locale\" content=\"es_ES\" \/>\n<meta property=\"og:type\" content=\"article\" \/>\n<meta property=\"og:title\" content=\"El cohousing para mayores en Estocolmo. La visi\u00f3n del arquitecto Marc Trepat - Blog Inforesidencias.com\" \/>\n<meta property=\"og:description\" content=\"El cohousing como forma de vida para personas mayores puede ense\u00f1arnos mucho. La visi\u00f3n de Marc Trepat, arquitecto puede ilustrar mucho la situaci\u00f3n.\" \/>\n<meta property=\"og:url\" content=\"https:\/\/www.inforesidencias.com\/blog\/index.php\/2016\/11\/20\/el-cohousing-para-mayores-en-estocolmo-la-vision-del-arquitecto-marc-trepat\/\" \/>\n<meta property=\"og:site_name\" content=\"Blog Inforesidencias.com\" \/>\n<meta property=\"article:publisher\" content=\"https:\/\/www.facebook.com\/Inforesidencias\/\" \/>\n<meta property=\"article:author\" content=\"https:\/\/www.facebook.com\/josep.demarti\" \/>\n<meta property=\"article:published_time\" content=\"2016-11-20T15:38:29+00:00\" \/>\n<meta property=\"article:modified_time\" content=\"2016-10-13T15:39:42+00:00\" \/>\n<meta property=\"og:image\" content=\"https:\/\/www.inforesidencias.com\/blog\/wp-content\/uploads\/2016\/10\/jardin.jpg\" \/>\n\t<meta property=\"og:image:width\" content=\"425\" \/>\n\t<meta property=\"og:image:height\" content=\"362\" \/>\n\t<meta property=\"og:image:type\" content=\"image\/jpeg\" \/>\n<meta name=\"author\" content=\"Josep de Mart\u00ed\" \/>\n<meta name=\"twitter:card\" content=\"summary_large_image\" \/>\n<meta name=\"twitter:creator\" content=\"@blog-ir\" \/>\n<meta name=\"twitter:site\" content=\"@inforesidencias\" \/>\n<meta name=\"twitter:label1\" content=\"Escrito por\" \/>\n\t<meta name=\"twitter:data1\" content=\"Josep de Mart\u00ed\" \/>\n\t<meta name=\"twitter:label2\" content=\"Tiempo de lectura\" \/>\n\t<meta name=\"twitter:data2\" content=\"10 minutos\" \/>\n<script type=\"application\/ld+json\" class=\"yoast-schema-graph\">{\"@context\":\"https:\/\/schema.org\",\"@graph\":[{\"@type\":\"WebPage\",\"@id\":\"https:\/\/www.inforesidencias.com\/blog\/index.php\/2016\/11\/20\/el-cohousing-para-mayores-en-estocolmo-la-vision-del-arquitecto-marc-trepat\/\",\"url\":\"https:\/\/www.inforesidencias.com\/blog\/index.php\/2016\/11\/20\/el-cohousing-para-mayores-en-estocolmo-la-vision-del-arquitecto-marc-trepat\/\",\"name\":\"El cohousing para mayores en Estocolmo. La visi\u00f3n del arquitecto Marc Trepat - Blog Inforesidencias.com\",\"isPartOf\":{\"@id\":\"https:\/\/www.inforesidencias.com\/blog\/#website\"},\"datePublished\":\"2016-11-20T15:38:29+00:00\",\"dateModified\":\"2016-10-13T15:39:42+00:00\",\"author\":{\"@id\":\"https:\/\/www.inforesidencias.com\/blog\/#\/schema\/person\/9e146774d1eb3bc1c0316242a3898628\"},\"description\":\"El cohousing como forma de vida para personas mayores puede ense\u00f1arnos mucho. La visi\u00f3n de Marc Trepat, arquitecto puede ilustrar mucho la situaci\u00f3n.\",\"breadcrumb\":{\"@id\":\"https:\/\/www.inforesidencias.com\/blog\/index.php\/2016\/11\/20\/el-cohousing-para-mayores-en-estocolmo-la-vision-del-arquitecto-marc-trepat\/#breadcrumb\"},\"inLanguage\":\"es\",\"potentialAction\":[{\"@type\":\"ReadAction\",\"target\":[\"https:\/\/www.inforesidencias.com\/blog\/index.php\/2016\/11\/20\/el-cohousing-para-mayores-en-estocolmo-la-vision-del-arquitecto-marc-trepat\/\"]}]},{\"@type\":\"BreadcrumbList\",\"@id\":\"https:\/\/www.inforesidencias.com\/blog\/index.php\/2016\/11\/20\/el-cohousing-para-mayores-en-estocolmo-la-vision-del-arquitecto-marc-trepat\/#breadcrumb\",\"itemListElement\":[{\"@type\":\"ListItem\",\"position\":1,\"name\":\"Home\",\"item\":\"https:\/\/www.inforesidencias.com\/blog\/\"},{\"@type\":\"ListItem\",\"position\":2,\"name\":\"El cohousing para mayores en Estocolmo. La visi\u00f3n del arquitecto Marc Trepat\"}]},{\"@type\":\"WebSite\",\"@id\":\"https:\/\/www.inforesidencias.com\/blog\/#website\",\"url\":\"https:\/\/www.inforesidencias.com\/blog\/\",\"name\":\"Blog Inforesidencias.com\",\"description\":\"El buscador de residencias de la 3\u00aa edad\",\"potentialAction\":[{\"@type\":\"SearchAction\",\"target\":{\"@type\":\"EntryPoint\",\"urlTemplate\":\"https:\/\/www.inforesidencias.com\/blog\/?s={search_term_string}\"},\"query-input\":\"required name=search_term_string\"}],\"inLanguage\":\"es\"},{\"@type\":\"Person\",\"@id\":\"https:\/\/www.inforesidencias.com\/blog\/#\/schema\/person\/9e146774d1eb3bc1c0316242a3898628\",\"name\":\"Josep de Mart\u00ed\",\"image\":{\"@type\":\"ImageObject\",\"inLanguage\":\"es\",\"@id\":\"https:\/\/www.inforesidencias.com\/blog\/#\/schema\/person\/image\/\",\"url\":\"https:\/\/secure.gravatar.com\/avatar\/de0302c4806c00c4cebff396a798c1ff?s=96&d=mm&r=g\",\"contentUrl\":\"https:\/\/secure.gravatar.com\/avatar\/de0302c4806c00c4cebff396a798c1ff?s=96&d=mm&r=g\",\"caption\":\"Josep de Mart\u00ed\"},\"sameAs\":[\"https:\/\/www.inforesidencias.com\",\"https:\/\/www.facebook.com\/josep.demarti\",\"https:\/\/twitter.com\/blog-ir\"],\"url\":\"https:\/\/www.inforesidencias.com\/blog\/index.php\/author\/josepdemarti\/\"}]}<\/script>\n<!-- \/ Yoast SEO plugin. -->","yoast_head_json":{"title":"El cohousing para mayores en Estocolmo. La visi\u00f3n del arquitecto Marc Trepat - Blog Inforesidencias.com","description":"El cohousing como forma de vida para personas mayores puede ense\u00f1arnos mucho. La visi\u00f3n de Marc Trepat, arquitecto puede ilustrar mucho la situaci\u00f3n.","robots":{"index":"index","follow":"follow","max-snippet":"max-snippet:-1","max-image-preview":"max-image-preview:large","max-video-preview":"max-video-preview:-1"},"canonical":"https:\/\/www.inforesidencias.com\/blog\/index.php\/2016\/11\/20\/el-cohousing-para-mayores-en-estocolmo-la-vision-del-arquitecto-marc-trepat\/","og_locale":"es_ES","og_type":"article","og_title":"El cohousing para mayores en Estocolmo. La visi\u00f3n del arquitecto Marc Trepat - Blog Inforesidencias.com","og_description":"El cohousing como forma de vida para personas mayores puede ense\u00f1arnos mucho. La visi\u00f3n de Marc Trepat, arquitecto puede ilustrar mucho la situaci\u00f3n.","og_url":"https:\/\/www.inforesidencias.com\/blog\/index.php\/2016\/11\/20\/el-cohousing-para-mayores-en-estocolmo-la-vision-del-arquitecto-marc-trepat\/","og_site_name":"Blog Inforesidencias.com","article_publisher":"https:\/\/www.facebook.com\/Inforesidencias\/","article_author":"https:\/\/www.facebook.com\/josep.demarti","article_published_time":"2016-11-20T15:38:29+00:00","article_modified_time":"2016-10-13T15:39:42+00:00","og_image":[{"width":425,"height":362,"url":"https:\/\/www.inforesidencias.com\/blog\/wp-content\/uploads\/2016\/10\/jardin.jpg","type":"image\/jpeg"}],"author":"Josep de Mart\u00ed","twitter_card":"summary_large_image","twitter_creator":"@blog-ir","twitter_site":"@inforesidencias","twitter_misc":{"Escrito por":"Josep de Mart\u00ed","Tiempo de lectura":"10 minutos"},"schema":{"@context":"https:\/\/schema.org","@graph":[{"@type":"WebPage","@id":"https:\/\/www.inforesidencias.com\/blog\/index.php\/2016\/11\/20\/el-cohousing-para-mayores-en-estocolmo-la-vision-del-arquitecto-marc-trepat\/","url":"https:\/\/www.inforesidencias.com\/blog\/index.php\/2016\/11\/20\/el-cohousing-para-mayores-en-estocolmo-la-vision-del-arquitecto-marc-trepat\/","name":"El cohousing para mayores en Estocolmo. La visi\u00f3n del arquitecto Marc Trepat - Blog Inforesidencias.com","isPartOf":{"@id":"https:\/\/www.inforesidencias.com\/blog\/#website"},"datePublished":"2016-11-20T15:38:29+00:00","dateModified":"2016-10-13T15:39:42+00:00","author":{"@id":"https:\/\/www.inforesidencias.com\/blog\/#\/schema\/person\/9e146774d1eb3bc1c0316242a3898628"},"description":"El cohousing como forma de vida para personas mayores puede ense\u00f1arnos mucho. La visi\u00f3n de Marc Trepat, arquitecto puede ilustrar mucho la situaci\u00f3n.","breadcrumb":{"@id":"https:\/\/www.inforesidencias.com\/blog\/index.php\/2016\/11\/20\/el-cohousing-para-mayores-en-estocolmo-la-vision-del-arquitecto-marc-trepat\/#breadcrumb"},"inLanguage":"es","potentialAction":[{"@type":"ReadAction","target":["https:\/\/www.inforesidencias.com\/blog\/index.php\/2016\/11\/20\/el-cohousing-para-mayores-en-estocolmo-la-vision-del-arquitecto-marc-trepat\/"]}]},{"@type":"BreadcrumbList","@id":"https:\/\/www.inforesidencias.com\/blog\/index.php\/2016\/11\/20\/el-cohousing-para-mayores-en-estocolmo-la-vision-del-arquitecto-marc-trepat\/#breadcrumb","itemListElement":[{"@type":"ListItem","position":1,"name":"Home","item":"https:\/\/www.inforesidencias.com\/blog\/"},{"@type":"ListItem","position":2,"name":"El cohousing para mayores en Estocolmo. La visi\u00f3n del arquitecto Marc Trepat"}]},{"@type":"WebSite","@id":"https:\/\/www.inforesidencias.com\/blog\/#website","url":"https:\/\/www.inforesidencias.com\/blog\/","name":"Blog Inforesidencias.com","description":"El buscador de residencias de la 3\u00aa edad","potentialAction":[{"@type":"SearchAction","target":{"@type":"EntryPoint","urlTemplate":"https:\/\/www.inforesidencias.com\/blog\/?s={search_term_string}"},"query-input":"required name=search_term_string"}],"inLanguage":"es"},{"@type":"Person","@id":"https:\/\/www.inforesidencias.com\/blog\/#\/schema\/person\/9e146774d1eb3bc1c0316242a3898628","name":"Josep de Mart\u00ed","image":{"@type":"ImageObject","inLanguage":"es","@id":"https:\/\/www.inforesidencias.com\/blog\/#\/schema\/person\/image\/","url":"https:\/\/secure.gravatar.com\/avatar\/de0302c4806c00c4cebff396a798c1ff?s=96&d=mm&r=g","contentUrl":"https:\/\/secure.gravatar.com\/avatar\/de0302c4806c00c4cebff396a798c1ff?s=96&d=mm&r=g","caption":"Josep de Mart\u00ed"},"sameAs":["https:\/\/www.inforesidencias.com","https:\/\/www.facebook.com\/josep.demarti","https:\/\/twitter.com\/blog-ir"],"url":"https:\/\/www.inforesidencias.com\/blog\/index.php\/author\/josepdemarti\/"}]}},"_links":{"self":[{"href":"https:\/\/www.inforesidencias.com\/blog\/index.php\/wp-json\/wp\/v2\/posts\/886"}],"collection":[{"href":"https:\/\/www.inforesidencias.com\/blog\/index.php\/wp-json\/wp\/v2\/posts"}],"about":[{"href":"https:\/\/www.inforesidencias.com\/blog\/index.php\/wp-json\/wp\/v2\/types\/post"}],"author":[{"embeddable":true,"href":"https:\/\/www.inforesidencias.com\/blog\/index.php\/wp-json\/wp\/v2\/users\/2"}],"replies":[{"embeddable":true,"href":"https:\/\/www.inforesidencias.com\/blog\/index.php\/wp-json\/wp\/v2\/comments?post=886"}],"version-history":[{"count":1,"href":"https:\/\/www.inforesidencias.com\/blog\/index.php\/wp-json\/wp\/v2\/posts\/886\/revisions"}],"predecessor-version":[{"id":890,"href":"https:\/\/www.inforesidencias.com\/blog\/index.php\/wp-json\/wp\/v2\/posts\/886\/revisions\/890"}],"wp:featuredmedia":[{"embeddable":true,"href":"https:\/\/www.inforesidencias.com\/blog\/index.php\/wp-json\/wp\/v2\/media\/887"}],"wp:attachment":[{"href":"https:\/\/www.inforesidencias.com\/blog\/index.php\/wp-json\/wp\/v2\/media?parent=886"}],"wp:term":[{"taxonomy":"category","embeddable":true,"href":"https:\/\/www.inforesidencias.com\/blog\/index.php\/wp-json\/wp\/v2\/categories?post=886"},{"taxonomy":"post_tag","embeddable":true,"href":"https:\/\/www.inforesidencias.com\/blog\/index.php\/wp-json\/wp\/v2\/tags?post=886"}],"curies":[{"name":"wp","href":"https:\/\/api.w.org\/{rel}","templated":true}]}}