{"id":892,"date":"2016-11-03T11:17:01","date_gmt":"2016-11-03T11:17:01","guid":{"rendered":"https:\/\/www.inforesidencias.com\/blog\/?p=892"},"modified":"2017-01-12T15:59:16","modified_gmt":"2017-01-12T15:59:16","slug":"atencion-centrada-en-la-persona-la-babel-de-nuestros-dias","status":"publish","type":"post","link":"https:\/\/www.inforesidencias.com\/blog\/index.php\/2016\/11\/03\/atencion-centrada-en-la-persona-la-babel-de-nuestros-dias\/","title":{"rendered":"Atenci\u00f3n centrada en la persona, la Babel de nuestros d\u00edas"},"content":{"rendered":"<p>Acp (Atenci\u00f3n Centrada en la Persona), la Babel de nuestros d\u00edas.<\/p>\n<div id=\"attachment_895\" style=\"width: 360px\" class=\"wp-caption alignleft\"><a href=\"https:\/\/www.inforesidencias.com\/blog\/wp-content\/uploads\/2016\/11\/miguel.jpeg\"><img aria-describedby=\"caption-attachment-895\" decoding=\"async\" loading=\"lazy\" class=\"wp-image-895\" title=\"MIguel Sagredo\" src=\"https:\/\/www.inforesidencias.com\/blog\/wp-content\/uploads\/2016\/11\/miguel.jpeg\" alt=\"Direcgtor de Residencia Can Serra\" width=\"350\" height=\"466\" \/><\/a><p id=\"caption-attachment-895\" class=\"wp-caption-text\">MIguel Sagredo. \u00a0Director de Residencia Can Serra<\/p><\/div>\n<p>El historiador romano Flavio Josefo en sus Antiguedades jud\u00edas , nos narra la historia de unos habitantes de Babilonia quienes confabulados bajo el reinado de Nimrod, resolvieron construir una torre capaz de hacer frente a las inundaciones y tan alta que fuera puente entre el cielo y la tierra.<\/p>\n<p>&nbsp;<\/p>\n<p>La construcci\u00f3n se realiz\u00f3 r\u00e1pida hasta el momento en el que alba\u00f1iles y constructores fueron confundidos en su entendimiento y empezaron a hablar lenguas distintas. A partir de ese momento la obra pretendida no pudo proseguir , el caos , la confusi\u00f3n y hasta el desconcierto fue la realidad que paraliz\u00f3 el proyecto ut\u00f3pico de llegar al cielo.<\/p>\n<p>&nbsp;<\/p>\n<p>Hace a\u00f1os que nos lanzamos a estudiar pensar y implantar la Acp, la <strong>atenci\u00f3n centrada en la persona<\/strong> y despu\u00e9s de este tiempo nos sentimos como los alba\u00f1iles de babilonia. Como ellos nos comprometimos en un gran proyecto, el suyo construir una gran edificaci\u00f3n, el nuestro edificar el trato a los residentes con otra mentalidad nueva centrada en la persona.<\/p>\n<p>&nbsp;<\/p>\n<p>En este tiempo gran cantidad de escritos, libros, art\u00edculos relacionados con la ACP, han sido devorados en muchos casos por nosotros , nos encontramos ahora como los alba\u00f1iles, en una gran confusi\u00f3n. Al analizar la documentaci\u00f3n existente, los conceptos que se utilizan, no son interpretados de la misma manera por los actores que estamos en este proyecto ut\u00f3pico.<\/p>\n<p><a href=\"https:\/\/www.inforesidencias.com\/blog\/wp-content\/uploads\/2016\/11\/Captura-de-pantalla-2016-11-03-a-las-12.15.28.png\"><img decoding=\"async\" loading=\"lazy\" class=\"alignright size-full wp-image-896\" src=\"https:\/\/www.inforesidencias.com\/blog\/wp-content\/uploads\/2016\/11\/Captura-de-pantalla-2016-11-03-a-las-12.15.28.png\" alt=\"La Torre de Babel, met\u00e1fora de la ACP\" width=\"360\" height=\"315\" \/><\/a><\/p>\n<p>De la documentaci\u00f3n citada acerca del ACP, leemos conceptos tales como : promoci\u00f3n de la autonom\u00eda, privacidad, intimidad, dignidad, proyecto de vida, bienestar emocional, conciencia, voluntad, ser..persona<\/p>\n<p>&nbsp;<\/p>\n<p>La duda es simple : todos entendemos el mismo significado a estos t\u00e9rminos para algunos absolutamente novedosos ?<\/p>\n<p>&nbsp;<\/p>\n<p>La respuesta a esta duda solo la podemos responder con una prueba, la del algod\u00f3n, la que no enga\u00f1a, hacemos una encuesta en la que preguntamos el significado de los t\u00e9rminos antes citados, y en \u00faltimo t\u00e9rmino el m\u00e1s importante \u00bf qu\u00e9 es persona ? .<\/p>\n<p>&nbsp;<\/p>\n<p>El resultado de la misma ?, pues bien, como algunos sospechar\u00e1n, de un muestreo estad\u00edstico de quince personas todas ellas formadas en mayor o menor medida en ACP y con implementaciones en marcha en sus residencias , en sus respuestas no entienden el mismo significado del concepto persona. En realidad la percepci\u00f3n es bastante dispar. Cuando a todas ellas se les pide que definan ACP , tampoco el resultado es esperanzador.<\/p>\n<p>&nbsp;<\/p>\n<p>Por lo tanto la conclusi\u00f3n es simple , hasta que los implicados en Acp entendamos la terminolog\u00eda sobre la persona y el funcionamento b\u00e1sico de esta , no podremos construir esta utop\u00eda que es la ACP en geriatr\u00eda con bases s\u00f3lidas que permitan un largo recorrido.<\/p>\n<p>&nbsp;<\/p>\n<p>Enlace de inter\u00e9s: <a href=\"https:\/\/www.inforesidencias.com\/contenidos\/noticias\/nacional\/la-atencion-centrada-en-la-persona-en-las-residencias-para-personas-mayores-en-espa-a\">Qu\u00e9 es ACP<\/a><\/p>\n","protected":false},"excerpt":{"rendered":"<p>Acp (Atenci\u00f3n Centrada en la Persona), la Babel de nuestros d\u00edas. El historiador romano Flavio Josefo en sus Antiguedades jud\u00edas , nos narra la historia de unos habitantes de Babilonia quienes confabulados bajo el reinado de Nimrod, resolvieron construir una torre capaz de hacer frente a las inundaciones y tan alta que fuera puente entre el cielo y la tierra. &nbsp; La construcci\u00f3n se realiz\u00f3 r\u00e1pida hasta el momento en el que alba\u00f1iles y constructores fueron confundidos en su entendimiento y empezaron a hablar lenguas distintas. A partir de ese momento la obra pretendida no pudo proseguir , el caos , la confusi\u00f3n y hasta el desconcierto fue la realidad que paraliz\u00f3 el proyecto ut\u00f3pico de llegar al cielo. &nbsp; Hace a\u00f1os que nos lanzamos a estudiar pensar y implantar la Acp, la atenci\u00f3n centrada en la persona y despu\u00e9s de este tiempo nos sentimos como los alba\u00f1iles de babilonia. [&hellip;]<\/p>\n","protected":false},"author":2,"featured_media":0,"comment_status":"open","ping_status":"open","sticky":false,"template":"","format":"standard","meta":{"footnotes":""},"categories":[2,3,5],"tags":[],"yoast_head":"<!-- This site is optimized with the Yoast SEO plugin v21.7 - https:\/\/yoast.com\/wordpress\/plugins\/seo\/ -->\n<title>Atenci\u00f3n centrada en la persona, la Babel de nuestros d\u00edas - Blog Inforesidencias.com<\/title>\n<meta name=\"description\" content=\"La Atenci\u00f3n Centrada en la Persona (ACP) es una filosof\u00eda de cuidados que se va imponiendo aunque no todos la entienden igual\" \/>\n<meta name=\"robots\" content=\"index, follow, max-snippet:-1, max-image-preview:large, max-video-preview:-1\" \/>\n<link rel=\"canonical\" href=\"https:\/\/www.inforesidencias.com\/blog\/index.php\/2016\/11\/03\/atencion-centrada-en-la-persona-la-babel-de-nuestros-dias\/\" \/>\n<meta property=\"og:locale\" content=\"es_ES\" \/>\n<meta property=\"og:type\" content=\"article\" \/>\n<meta property=\"og:title\" content=\"Atenci\u00f3n centrada en la persona, la Babel de nuestros d\u00edas - Blog Inforesidencias.com\" \/>\n<meta property=\"og:description\" content=\"La Atenci\u00f3n Centrada en la Persona (ACP) es una filosof\u00eda de cuidados que se va imponiendo aunque no todos la entienden igual\" \/>\n<meta property=\"og:url\" content=\"https:\/\/www.inforesidencias.com\/blog\/index.php\/2016\/11\/03\/atencion-centrada-en-la-persona-la-babel-de-nuestros-dias\/\" \/>\n<meta property=\"og:site_name\" content=\"Blog Inforesidencias.com\" \/>\n<meta property=\"article:publisher\" content=\"https:\/\/www.facebook.com\/Inforesidencias\/\" \/>\n<meta property=\"article:author\" content=\"https:\/\/www.facebook.com\/josep.demarti\" \/>\n<meta property=\"article:published_time\" content=\"2016-11-03T11:17:01+00:00\" \/>\n<meta property=\"article:modified_time\" content=\"2017-01-12T15:59:16+00:00\" \/>\n<meta property=\"og:image\" content=\"https:\/\/www.inforesidencias.com\/blog\/wp-content\/uploads\/2016\/11\/miguel.jpeg\" \/>\n<meta name=\"author\" content=\"Josep de Mart\u00ed\" \/>\n<meta name=\"twitter:card\" content=\"summary_large_image\" \/>\n<meta name=\"twitter:creator\" content=\"@blog-ir\" \/>\n<meta name=\"twitter:site\" content=\"@inforesidencias\" \/>\n<meta name=\"twitter:label1\" content=\"Escrito por\" \/>\n\t<meta name=\"twitter:data1\" content=\"Josep de Mart\u00ed\" \/>\n\t<meta name=\"twitter:label2\" content=\"Tiempo de lectura\" \/>\n\t<meta name=\"twitter:data2\" content=\"2 minutos\" \/>\n<script type=\"application\/ld+json\" class=\"yoast-schema-graph\">{\"@context\":\"https:\/\/schema.org\",\"@graph\":[{\"@type\":\"WebPage\",\"@id\":\"https:\/\/www.inforesidencias.com\/blog\/index.php\/2016\/11\/03\/atencion-centrada-en-la-persona-la-babel-de-nuestros-dias\/\",\"url\":\"https:\/\/www.inforesidencias.com\/blog\/index.php\/2016\/11\/03\/atencion-centrada-en-la-persona-la-babel-de-nuestros-dias\/\",\"name\":\"Atenci\u00f3n centrada en la persona, la Babel de nuestros d\u00edas - Blog Inforesidencias.com\",\"isPartOf\":{\"@id\":\"https:\/\/www.inforesidencias.com\/blog\/#website\"},\"datePublished\":\"2016-11-03T11:17:01+00:00\",\"dateModified\":\"2017-01-12T15:59:16+00:00\",\"author\":{\"@id\":\"https:\/\/www.inforesidencias.com\/blog\/#\/schema\/person\/9e146774d1eb3bc1c0316242a3898628\"},\"description\":\"La Atenci\u00f3n Centrada en la Persona (ACP) es una filosof\u00eda de cuidados que se va imponiendo aunque no todos la entienden igual\",\"breadcrumb\":{\"@id\":\"https:\/\/www.inforesidencias.com\/blog\/index.php\/2016\/11\/03\/atencion-centrada-en-la-persona-la-babel-de-nuestros-dias\/#breadcrumb\"},\"inLanguage\":\"es\",\"potentialAction\":[{\"@type\":\"ReadAction\",\"target\":[\"https:\/\/www.inforesidencias.com\/blog\/index.php\/2016\/11\/03\/atencion-centrada-en-la-persona-la-babel-de-nuestros-dias\/\"]}]},{\"@type\":\"BreadcrumbList\",\"@id\":\"https:\/\/www.inforesidencias.com\/blog\/index.php\/2016\/11\/03\/atencion-centrada-en-la-persona-la-babel-de-nuestros-dias\/#breadcrumb\",\"itemListElement\":[{\"@type\":\"ListItem\",\"position\":1,\"name\":\"Home\",\"item\":\"https:\/\/www.inforesidencias.com\/blog\/\"},{\"@type\":\"ListItem\",\"position\":2,\"name\":\"Atenci\u00f3n centrada en la persona, la Babel de nuestros d\u00edas\"}]},{\"@type\":\"WebSite\",\"@id\":\"https:\/\/www.inforesidencias.com\/blog\/#website\",\"url\":\"https:\/\/www.inforesidencias.com\/blog\/\",\"name\":\"Blog Inforesidencias.com\",\"description\":\"El buscador de residencias de la 3\u00aa edad\",\"potentialAction\":[{\"@type\":\"SearchAction\",\"target\":{\"@type\":\"EntryPoint\",\"urlTemplate\":\"https:\/\/www.inforesidencias.com\/blog\/?s={search_term_string}\"},\"query-input\":\"required name=search_term_string\"}],\"inLanguage\":\"es\"},{\"@type\":\"Person\",\"@id\":\"https:\/\/www.inforesidencias.com\/blog\/#\/schema\/person\/9e146774d1eb3bc1c0316242a3898628\",\"name\":\"Josep de Mart\u00ed\",\"image\":{\"@type\":\"ImageObject\",\"inLanguage\":\"es\",\"@id\":\"https:\/\/www.inforesidencias.com\/blog\/#\/schema\/person\/image\/\",\"url\":\"https:\/\/secure.gravatar.com\/avatar\/de0302c4806c00c4cebff396a798c1ff?s=96&d=mm&r=g\",\"contentUrl\":\"https:\/\/secure.gravatar.com\/avatar\/de0302c4806c00c4cebff396a798c1ff?s=96&d=mm&r=g\",\"caption\":\"Josep de Mart\u00ed\"},\"sameAs\":[\"https:\/\/www.inforesidencias.com\",\"https:\/\/www.facebook.com\/josep.demarti\",\"https:\/\/twitter.com\/blog-ir\"],\"url\":\"https:\/\/www.inforesidencias.com\/blog\/index.php\/author\/josepdemarti\/\"}]}<\/script>\n<!-- \/ Yoast SEO plugin. -->","yoast_head_json":{"title":"Atenci\u00f3n centrada en la persona, la Babel de nuestros d\u00edas - Blog Inforesidencias.com","description":"La Atenci\u00f3n Centrada en la Persona (ACP) es una filosof\u00eda de cuidados que se va imponiendo aunque no todos la entienden igual","robots":{"index":"index","follow":"follow","max-snippet":"max-snippet:-1","max-image-preview":"max-image-preview:large","max-video-preview":"max-video-preview:-1"},"canonical":"https:\/\/www.inforesidencias.com\/blog\/index.php\/2016\/11\/03\/atencion-centrada-en-la-persona-la-babel-de-nuestros-dias\/","og_locale":"es_ES","og_type":"article","og_title":"Atenci\u00f3n centrada en la persona, la Babel de nuestros d\u00edas - Blog Inforesidencias.com","og_description":"La Atenci\u00f3n Centrada en la Persona (ACP) es una filosof\u00eda de cuidados que se va imponiendo aunque no todos la entienden igual","og_url":"https:\/\/www.inforesidencias.com\/blog\/index.php\/2016\/11\/03\/atencion-centrada-en-la-persona-la-babel-de-nuestros-dias\/","og_site_name":"Blog Inforesidencias.com","article_publisher":"https:\/\/www.facebook.com\/Inforesidencias\/","article_author":"https:\/\/www.facebook.com\/josep.demarti","article_published_time":"2016-11-03T11:17:01+00:00","article_modified_time":"2017-01-12T15:59:16+00:00","og_image":[{"url":"https:\/\/www.inforesidencias.com\/blog\/wp-content\/uploads\/2016\/11\/miguel.jpeg"}],"author":"Josep de Mart\u00ed","twitter_card":"summary_large_image","twitter_creator":"@blog-ir","twitter_site":"@inforesidencias","twitter_misc":{"Escrito por":"Josep de Mart\u00ed","Tiempo de lectura":"2 minutos"},"schema":{"@context":"https:\/\/schema.org","@graph":[{"@type":"WebPage","@id":"https:\/\/www.inforesidencias.com\/blog\/index.php\/2016\/11\/03\/atencion-centrada-en-la-persona-la-babel-de-nuestros-dias\/","url":"https:\/\/www.inforesidencias.com\/blog\/index.php\/2016\/11\/03\/atencion-centrada-en-la-persona-la-babel-de-nuestros-dias\/","name":"Atenci\u00f3n centrada en la persona, la Babel de nuestros d\u00edas - Blog Inforesidencias.com","isPartOf":{"@id":"https:\/\/www.inforesidencias.com\/blog\/#website"},"datePublished":"2016-11-03T11:17:01+00:00","dateModified":"2017-01-12T15:59:16+00:00","author":{"@id":"https:\/\/www.inforesidencias.com\/blog\/#\/schema\/person\/9e146774d1eb3bc1c0316242a3898628"},"description":"La Atenci\u00f3n Centrada en la Persona (ACP) es una filosof\u00eda de cuidados que se va imponiendo aunque no todos la entienden igual","breadcrumb":{"@id":"https:\/\/www.inforesidencias.com\/blog\/index.php\/2016\/11\/03\/atencion-centrada-en-la-persona-la-babel-de-nuestros-dias\/#breadcrumb"},"inLanguage":"es","potentialAction":[{"@type":"ReadAction","target":["https:\/\/www.inforesidencias.com\/blog\/index.php\/2016\/11\/03\/atencion-centrada-en-la-persona-la-babel-de-nuestros-dias\/"]}]},{"@type":"BreadcrumbList","@id":"https:\/\/www.inforesidencias.com\/blog\/index.php\/2016\/11\/03\/atencion-centrada-en-la-persona-la-babel-de-nuestros-dias\/#breadcrumb","itemListElement":[{"@type":"ListItem","position":1,"name":"Home","item":"https:\/\/www.inforesidencias.com\/blog\/"},{"@type":"ListItem","position":2,"name":"Atenci\u00f3n centrada en la persona, la Babel de nuestros d\u00edas"}]},{"@type":"WebSite","@id":"https:\/\/www.inforesidencias.com\/blog\/#website","url":"https:\/\/www.inforesidencias.com\/blog\/","name":"Blog Inforesidencias.com","description":"El buscador de residencias de la 3\u00aa edad","potentialAction":[{"@type":"SearchAction","target":{"@type":"EntryPoint","urlTemplate":"https:\/\/www.inforesidencias.com\/blog\/?s={search_term_string}"},"query-input":"required name=search_term_string"}],"inLanguage":"es"},{"@type":"Person","@id":"https:\/\/www.inforesidencias.com\/blog\/#\/schema\/person\/9e146774d1eb3bc1c0316242a3898628","name":"Josep de Mart\u00ed","image":{"@type":"ImageObject","inLanguage":"es","@id":"https:\/\/www.inforesidencias.com\/blog\/#\/schema\/person\/image\/","url":"https:\/\/secure.gravatar.com\/avatar\/de0302c4806c00c4cebff396a798c1ff?s=96&d=mm&r=g","contentUrl":"https:\/\/secure.gravatar.com\/avatar\/de0302c4806c00c4cebff396a798c1ff?s=96&d=mm&r=g","caption":"Josep de Mart\u00ed"},"sameAs":["https:\/\/www.inforesidencias.com","https:\/\/www.facebook.com\/josep.demarti","https:\/\/twitter.com\/blog-ir"],"url":"https:\/\/www.inforesidencias.com\/blog\/index.php\/author\/josepdemarti\/"}]}},"_links":{"self":[{"href":"https:\/\/www.inforesidencias.com\/blog\/index.php\/wp-json\/wp\/v2\/posts\/892"}],"collection":[{"href":"https:\/\/www.inforesidencias.com\/blog\/index.php\/wp-json\/wp\/v2\/posts"}],"about":[{"href":"https:\/\/www.inforesidencias.com\/blog\/index.php\/wp-json\/wp\/v2\/types\/post"}],"author":[{"embeddable":true,"href":"https:\/\/www.inforesidencias.com\/blog\/index.php\/wp-json\/wp\/v2\/users\/2"}],"replies":[{"embeddable":true,"href":"https:\/\/www.inforesidencias.com\/blog\/index.php\/wp-json\/wp\/v2\/comments?post=892"}],"version-history":[{"count":2,"href":"https:\/\/www.inforesidencias.com\/blog\/index.php\/wp-json\/wp\/v2\/posts\/892\/revisions"}],"predecessor-version":[{"id":897,"href":"https:\/\/www.inforesidencias.com\/blog\/index.php\/wp-json\/wp\/v2\/posts\/892\/revisions\/897"}],"wp:attachment":[{"href":"https:\/\/www.inforesidencias.com\/blog\/index.php\/wp-json\/wp\/v2\/media?parent=892"}],"wp:term":[{"taxonomy":"category","embeddable":true,"href":"https:\/\/www.inforesidencias.com\/blog\/index.php\/wp-json\/wp\/v2\/categories?post=892"},{"taxonomy":"post_tag","embeddable":true,"href":"https:\/\/www.inforesidencias.com\/blog\/index.php\/wp-json\/wp\/v2\/tags?post=892"}],"curies":[{"name":"wp","href":"https:\/\/api.w.org\/{rel}","templated":true}]}}