{"id":898,"date":"2016-11-07T18:24:12","date_gmt":"2016-11-07T18:24:12","guid":{"rendered":"https:\/\/www.inforesidencias.com\/blog\/?p=898"},"modified":"2016-11-07T18:24:12","modified_gmt":"2016-11-07T18:24:12","slug":"envejecimiento-en-japon","status":"publish","type":"post","link":"https:\/\/www.inforesidencias.com\/blog\/index.php\/2016\/11\/07\/envejecimiento-en-japon\/","title":{"rendered":"Envejecimiento en Jap\u00f3n"},"content":{"rendered":"<p>En el blog de Josep de Mart\u00ed, un post sobre <strong>envejecimiento en Jap\u00f3n<\/strong> y algunas consecuencias interesantes.<\/p>\n<div id=\"attachment_901\" style=\"width: 355px\" class=\"wp-caption alignright\"><a href=\"https:\/\/www.inforesidencias.com\/blog\/wp-content\/uploads\/2016\/11\/descarga.jpeg\"><img aria-describedby=\"caption-attachment-901\" decoding=\"async\" loading=\"lazy\" class=\"size-full wp-image-901\" src=\"https:\/\/www.inforesidencias.com\/blog\/wp-content\/uploads\/2016\/11\/descarga.jpeg\" alt=\"Ubasute\" width=\"345\" height=\"146\" \/><\/a><p id=\"caption-attachment-901\" class=\"wp-caption-text\">Abandono de ancianos en la monta\u00f1a<\/p><\/div>\n<p>&#8211; Jap\u00f3n es el segundo pa\u00eds del mundo m\u00e1s envejecido detr\u00e1s s\u00f3lo de M\u00f3naco.<\/p>\n<p>&#8211; Jap\u00f3n es el pa\u00eds del mundo con m\u00e1s personas de m\u00e1s de cien a\u00f1os.<\/p>\n<p>&#8211; Entre 2020 y 2030 cada a\u00f1o Jap\u00f3n perder\u00e1 700.000 habitantes debido a la diferencia entre los muchos mayores que morir\u00e1n y los pocos ni\u00f1os que nacer\u00e1n.<\/p>\n<p>&#8211; A pesar de que hacen falta muchos cuidadores profesionales y no los tienen, el gobierno japon\u00e9s pone muchas trabas (visados, exigencias idiom\u00e1ticas&#8230;) a la llegada de enfermeras\/os y cuidadores extranjeros.<\/p>\n<p><strong>Cuestiones anecd\u00f3ticas<\/strong><\/p>\n<p>Cada a\u00f1o desaparecen en Jap\u00f3n 10.000 ancianos.<\/p>\n<p>Los familiares de ancianos con demencia que mueren atropellados en las v\u00edas de ferrocarril suelen ser condenados a indemnizar a la compa\u00f1\u00eda ferroviaria.<\/p>\n<p>Para saber m\u00e1s sobre <strong>envejecimiento en Jap\u00f3n<\/strong>, lee el <a href=\"https:\/\/josepdemarti.blogspot.com.es\/2016\/11\/morir-atropellado-por-un-tren-e.html\">post en el blog de Josep de Mart\u00ed<\/a><\/p>\n","protected":false},"excerpt":{"rendered":"<p>En el blog de Josep de Mart\u00ed, un post sobre envejecimiento en Jap\u00f3n y algunas consecuencias interesantes. &#8211; Jap\u00f3n es el segundo pa\u00eds del mundo m\u00e1s envejecido detr\u00e1s s\u00f3lo de M\u00f3naco. &#8211; Jap\u00f3n es el pa\u00eds del mundo con m\u00e1s personas de m\u00e1s de cien a\u00f1os. &#8211; Entre 2020 y 2030 cada a\u00f1o Jap\u00f3n perder\u00e1 700.000 habitantes debido a la diferencia entre los muchos mayores que morir\u00e1n y los pocos ni\u00f1os que nacer\u00e1n. &#8211; A pesar de que hacen falta muchos cuidadores profesionales y no los tienen, el gobierno japon\u00e9s pone muchas trabas (visados, exigencias idiom\u00e1ticas&#8230;) a la llegada de enfermeras\/os y cuidadores extranjeros. Cuestiones anecd\u00f3ticas Cada a\u00f1o desaparecen en Jap\u00f3n 10.000 ancianos. Los familiares de ancianos con demencia que mueren atropellados en las v\u00edas de ferrocarril suelen ser condenados a indemnizar a la compa\u00f1\u00eda ferroviaria. Para saber m\u00e1s sobre envejecimiento en Jap\u00f3n, lee el post en el blog de [&hellip;]<\/p>\n","protected":false},"author":2,"featured_media":901,"comment_status":"open","ping_status":"open","sticky":false,"template":"","format":"standard","meta":{"footnotes":""},"categories":[14],"tags":[],"yoast_head":"<!-- This site is optimized with the Yoast SEO plugin v21.7 - https:\/\/yoast.com\/wordpress\/plugins\/seo\/ -->\n<title>Envejecimiento en Jap\u00f3n - Blog Inforesidencias.com<\/title>\n<meta name=\"description\" content=\"El envejecimiento en Jap\u00f3n es el segundo m\u00e1s alto del mundo. Jap\u00f3n tiene el mayor n\u00famero de ancianos centenarios\" \/>\n<meta name=\"robots\" content=\"index, follow, max-snippet:-1, max-image-preview:large, max-video-preview:-1\" \/>\n<link rel=\"canonical\" href=\"https:\/\/www.inforesidencias.com\/blog\/index.php\/2016\/11\/07\/envejecimiento-en-japon\/\" \/>\n<meta property=\"og:locale\" content=\"es_ES\" \/>\n<meta property=\"og:type\" content=\"article\" \/>\n<meta property=\"og:title\" content=\"Envejecimiento en Jap\u00f3n - Blog Inforesidencias.com\" \/>\n<meta property=\"og:description\" content=\"El envejecimiento en Jap\u00f3n es el segundo m\u00e1s alto del mundo. Jap\u00f3n tiene el mayor n\u00famero de ancianos centenarios\" \/>\n<meta property=\"og:url\" content=\"https:\/\/www.inforesidencias.com\/blog\/index.php\/2016\/11\/07\/envejecimiento-en-japon\/\" \/>\n<meta property=\"og:site_name\" content=\"Blog Inforesidencias.com\" \/>\n<meta property=\"article:publisher\" content=\"https:\/\/www.facebook.com\/Inforesidencias\/\" \/>\n<meta property=\"article:author\" content=\"https:\/\/www.facebook.com\/josep.demarti\" \/>\n<meta property=\"article:published_time\" content=\"2016-11-07T18:24:12+00:00\" \/>\n<meta property=\"og:image\" content=\"https:\/\/www.inforesidencias.com\/blog\/wp-content\/uploads\/2016\/11\/descarga.jpeg\" \/>\n\t<meta property=\"og:image:width\" content=\"345\" \/>\n\t<meta property=\"og:image:height\" content=\"146\" \/>\n\t<meta property=\"og:image:type\" content=\"image\/jpeg\" \/>\n<meta name=\"author\" content=\"Josep de Mart\u00ed\" \/>\n<meta name=\"twitter:card\" content=\"summary_large_image\" \/>\n<meta name=\"twitter:creator\" content=\"@blog-ir\" \/>\n<meta name=\"twitter:site\" content=\"@inforesidencias\" \/>\n<meta name=\"twitter:label1\" content=\"Escrito por\" \/>\n\t<meta name=\"twitter:data1\" content=\"Josep de Mart\u00ed\" \/>\n\t<meta name=\"twitter:label2\" content=\"Tiempo de lectura\" \/>\n\t<meta name=\"twitter:data2\" content=\"1 minuto\" \/>\n<script type=\"application\/ld+json\" class=\"yoast-schema-graph\">{\"@context\":\"https:\/\/schema.org\",\"@graph\":[{\"@type\":\"WebPage\",\"@id\":\"https:\/\/www.inforesidencias.com\/blog\/index.php\/2016\/11\/07\/envejecimiento-en-japon\/\",\"url\":\"https:\/\/www.inforesidencias.com\/blog\/index.php\/2016\/11\/07\/envejecimiento-en-japon\/\",\"name\":\"Envejecimiento en Jap\u00f3n - Blog Inforesidencias.com\",\"isPartOf\":{\"@id\":\"https:\/\/www.inforesidencias.com\/blog\/#website\"},\"datePublished\":\"2016-11-07T18:24:12+00:00\",\"dateModified\":\"2016-11-07T18:24:12+00:00\",\"author\":{\"@id\":\"https:\/\/www.inforesidencias.com\/blog\/#\/schema\/person\/9e146774d1eb3bc1c0316242a3898628\"},\"description\":\"El envejecimiento en Jap\u00f3n es el segundo m\u00e1s alto del mundo. Jap\u00f3n tiene el mayor n\u00famero de ancianos centenarios\",\"breadcrumb\":{\"@id\":\"https:\/\/www.inforesidencias.com\/blog\/index.php\/2016\/11\/07\/envejecimiento-en-japon\/#breadcrumb\"},\"inLanguage\":\"es\",\"potentialAction\":[{\"@type\":\"ReadAction\",\"target\":[\"https:\/\/www.inforesidencias.com\/blog\/index.php\/2016\/11\/07\/envejecimiento-en-japon\/\"]}]},{\"@type\":\"BreadcrumbList\",\"@id\":\"https:\/\/www.inforesidencias.com\/blog\/index.php\/2016\/11\/07\/envejecimiento-en-japon\/#breadcrumb\",\"itemListElement\":[{\"@type\":\"ListItem\",\"position\":1,\"name\":\"Home\",\"item\":\"https:\/\/www.inforesidencias.com\/blog\/\"},{\"@type\":\"ListItem\",\"position\":2,\"name\":\"Envejecimiento en Jap\u00f3n\"}]},{\"@type\":\"WebSite\",\"@id\":\"https:\/\/www.inforesidencias.com\/blog\/#website\",\"url\":\"https:\/\/www.inforesidencias.com\/blog\/\",\"name\":\"Blog Inforesidencias.com\",\"description\":\"El buscador de residencias de la 3\u00aa edad\",\"potentialAction\":[{\"@type\":\"SearchAction\",\"target\":{\"@type\":\"EntryPoint\",\"urlTemplate\":\"https:\/\/www.inforesidencias.com\/blog\/?s={search_term_string}\"},\"query-input\":\"required name=search_term_string\"}],\"inLanguage\":\"es\"},{\"@type\":\"Person\",\"@id\":\"https:\/\/www.inforesidencias.com\/blog\/#\/schema\/person\/9e146774d1eb3bc1c0316242a3898628\",\"name\":\"Josep de Mart\u00ed\",\"image\":{\"@type\":\"ImageObject\",\"inLanguage\":\"es\",\"@id\":\"https:\/\/www.inforesidencias.com\/blog\/#\/schema\/person\/image\/\",\"url\":\"https:\/\/secure.gravatar.com\/avatar\/de0302c4806c00c4cebff396a798c1ff?s=96&d=mm&r=g\",\"contentUrl\":\"https:\/\/secure.gravatar.com\/avatar\/de0302c4806c00c4cebff396a798c1ff?s=96&d=mm&r=g\",\"caption\":\"Josep de Mart\u00ed\"},\"sameAs\":[\"https:\/\/www.inforesidencias.com\",\"https:\/\/www.facebook.com\/josep.demarti\",\"https:\/\/twitter.com\/blog-ir\"],\"url\":\"https:\/\/www.inforesidencias.com\/blog\/index.php\/author\/josepdemarti\/\"}]}<\/script>\n<!-- \/ Yoast SEO plugin. -->","yoast_head_json":{"title":"Envejecimiento en Jap\u00f3n - Blog Inforesidencias.com","description":"El envejecimiento en Jap\u00f3n es el segundo m\u00e1s alto del mundo. Jap\u00f3n tiene el mayor n\u00famero de ancianos centenarios","robots":{"index":"index","follow":"follow","max-snippet":"max-snippet:-1","max-image-preview":"max-image-preview:large","max-video-preview":"max-video-preview:-1"},"canonical":"https:\/\/www.inforesidencias.com\/blog\/index.php\/2016\/11\/07\/envejecimiento-en-japon\/","og_locale":"es_ES","og_type":"article","og_title":"Envejecimiento en Jap\u00f3n - Blog Inforesidencias.com","og_description":"El envejecimiento en Jap\u00f3n es el segundo m\u00e1s alto del mundo. Jap\u00f3n tiene el mayor n\u00famero de ancianos centenarios","og_url":"https:\/\/www.inforesidencias.com\/blog\/index.php\/2016\/11\/07\/envejecimiento-en-japon\/","og_site_name":"Blog Inforesidencias.com","article_publisher":"https:\/\/www.facebook.com\/Inforesidencias\/","article_author":"https:\/\/www.facebook.com\/josep.demarti","article_published_time":"2016-11-07T18:24:12+00:00","og_image":[{"width":345,"height":146,"url":"https:\/\/www.inforesidencias.com\/blog\/wp-content\/uploads\/2016\/11\/descarga.jpeg","type":"image\/jpeg"}],"author":"Josep de Mart\u00ed","twitter_card":"summary_large_image","twitter_creator":"@blog-ir","twitter_site":"@inforesidencias","twitter_misc":{"Escrito por":"Josep de Mart\u00ed","Tiempo de lectura":"1 minuto"},"schema":{"@context":"https:\/\/schema.org","@graph":[{"@type":"WebPage","@id":"https:\/\/www.inforesidencias.com\/blog\/index.php\/2016\/11\/07\/envejecimiento-en-japon\/","url":"https:\/\/www.inforesidencias.com\/blog\/index.php\/2016\/11\/07\/envejecimiento-en-japon\/","name":"Envejecimiento en Jap\u00f3n - Blog Inforesidencias.com","isPartOf":{"@id":"https:\/\/www.inforesidencias.com\/blog\/#website"},"datePublished":"2016-11-07T18:24:12+00:00","dateModified":"2016-11-07T18:24:12+00:00","author":{"@id":"https:\/\/www.inforesidencias.com\/blog\/#\/schema\/person\/9e146774d1eb3bc1c0316242a3898628"},"description":"El envejecimiento en Jap\u00f3n es el segundo m\u00e1s alto del mundo. Jap\u00f3n tiene el mayor n\u00famero de ancianos centenarios","breadcrumb":{"@id":"https:\/\/www.inforesidencias.com\/blog\/index.php\/2016\/11\/07\/envejecimiento-en-japon\/#breadcrumb"},"inLanguage":"es","potentialAction":[{"@type":"ReadAction","target":["https:\/\/www.inforesidencias.com\/blog\/index.php\/2016\/11\/07\/envejecimiento-en-japon\/"]}]},{"@type":"BreadcrumbList","@id":"https:\/\/www.inforesidencias.com\/blog\/index.php\/2016\/11\/07\/envejecimiento-en-japon\/#breadcrumb","itemListElement":[{"@type":"ListItem","position":1,"name":"Home","item":"https:\/\/www.inforesidencias.com\/blog\/"},{"@type":"ListItem","position":2,"name":"Envejecimiento en Jap\u00f3n"}]},{"@type":"WebSite","@id":"https:\/\/www.inforesidencias.com\/blog\/#website","url":"https:\/\/www.inforesidencias.com\/blog\/","name":"Blog Inforesidencias.com","description":"El buscador de residencias de la 3\u00aa edad","potentialAction":[{"@type":"SearchAction","target":{"@type":"EntryPoint","urlTemplate":"https:\/\/www.inforesidencias.com\/blog\/?s={search_term_string}"},"query-input":"required name=search_term_string"}],"inLanguage":"es"},{"@type":"Person","@id":"https:\/\/www.inforesidencias.com\/blog\/#\/schema\/person\/9e146774d1eb3bc1c0316242a3898628","name":"Josep de Mart\u00ed","image":{"@type":"ImageObject","inLanguage":"es","@id":"https:\/\/www.inforesidencias.com\/blog\/#\/schema\/person\/image\/","url":"https:\/\/secure.gravatar.com\/avatar\/de0302c4806c00c4cebff396a798c1ff?s=96&d=mm&r=g","contentUrl":"https:\/\/secure.gravatar.com\/avatar\/de0302c4806c00c4cebff396a798c1ff?s=96&d=mm&r=g","caption":"Josep de Mart\u00ed"},"sameAs":["https:\/\/www.inforesidencias.com","https:\/\/www.facebook.com\/josep.demarti","https:\/\/twitter.com\/blog-ir"],"url":"https:\/\/www.inforesidencias.com\/blog\/index.php\/author\/josepdemarti\/"}]}},"_links":{"self":[{"href":"https:\/\/www.inforesidencias.com\/blog\/index.php\/wp-json\/wp\/v2\/posts\/898"}],"collection":[{"href":"https:\/\/www.inforesidencias.com\/blog\/index.php\/wp-json\/wp\/v2\/posts"}],"about":[{"href":"https:\/\/www.inforesidencias.com\/blog\/index.php\/wp-json\/wp\/v2\/types\/post"}],"author":[{"embeddable":true,"href":"https:\/\/www.inforesidencias.com\/blog\/index.php\/wp-json\/wp\/v2\/users\/2"}],"replies":[{"embeddable":true,"href":"https:\/\/www.inforesidencias.com\/blog\/index.php\/wp-json\/wp\/v2\/comments?post=898"}],"version-history":[{"count":3,"href":"https:\/\/www.inforesidencias.com\/blog\/index.php\/wp-json\/wp\/v2\/posts\/898\/revisions"}],"predecessor-version":[{"id":902,"href":"https:\/\/www.inforesidencias.com\/blog\/index.php\/wp-json\/wp\/v2\/posts\/898\/revisions\/902"}],"wp:featuredmedia":[{"embeddable":true,"href":"https:\/\/www.inforesidencias.com\/blog\/index.php\/wp-json\/wp\/v2\/media\/901"}],"wp:attachment":[{"href":"https:\/\/www.inforesidencias.com\/blog\/index.php\/wp-json\/wp\/v2\/media?parent=898"}],"wp:term":[{"taxonomy":"category","embeddable":true,"href":"https:\/\/www.inforesidencias.com\/blog\/index.php\/wp-json\/wp\/v2\/categories?post=898"},{"taxonomy":"post_tag","embeddable":true,"href":"https:\/\/www.inforesidencias.com\/blog\/index.php\/wp-json\/wp\/v2\/tags?post=898"}],"curies":[{"name":"wp","href":"https:\/\/api.w.org\/{rel}","templated":true}]}}