{"id":921,"date":"2017-01-17T08:29:17","date_gmt":"2017-01-17T08:29:17","guid":{"rendered":"https:\/\/www.inforesidencias.com\/blog\/?p=921"},"modified":"2017-01-02T08:59:59","modified_gmt":"2017-01-02T08:59:59","slug":"magosto-relato-residencias","status":"publish","type":"post","link":"https:\/\/www.inforesidencias.com\/blog\/index.php\/2017\/01\/17\/magosto-relato-residencias\/","title":{"rendered":"El Magosto. Un relato sobre la vida en residencias"},"content":{"rendered":"<p>117Continuamos recibiendo en Inforesidencias.com relatos e historias cortas sobre la vida en <strong>residencias de mayores<\/strong>. \u00a0En este caso, nos ha llegado uno de C\u00e1ndida Cueto (nombre ficticio) sobre la vida oto\u00f1al en residencias de mayores. \u00a0Se titula: \u00a0<strong>El Magosto.<\/strong><\/p>\n<h2>\u00a0El Magosto<\/h2>\n<p>Los d\u00edas grises de noviembre, cuando ya la lluvia era una constante irremediable y el fr\u00edo se hab\u00eda instalado, parec\u00eda que una melancol\u00eda especial se extend\u00eda por los pasillos de la residencia para mayores, que ocupaba la \u00faltima edificaci\u00f3n de una calle que daba directamente a un extenso campo de labor que, en oto\u00f1o, fund\u00eda los colores marrones con la niebla que apenas se levantaba un rato a mediod\u00eda, cuando un sol t\u00edmido luchaba por aparecer, sin mucho \u00e9xito, entre girones persistentes de nubes.<\/p>\n<p>El personal del centro siempre se volv\u00eda aprensivo cuando el acortamiento de los d\u00edas hac\u00eda encender la luces antes, pues sab\u00edan que los residentes soltaban las din\u00e1micas del verano, ya no se pod\u00eda disfrutar de la \u00abfresca\u00bb, ni del huerto, ni de las meriendas en el jard\u00edn.<\/p>\n<p>Cierto era que se reactivaban actividades que consideraban estimulantes: fisioterapia, talleres, gimnasia, yoga\u2026 nada que sustituyera a las visitas veraniegas de los nietos que viv\u00edan en la ciudad o las salidas a las fiestas de los pueblos de los alrededores.<\/p>\n<p>Era innegable, las ausencias se notaban con m\u00e1s intensidad, el paso del tiempo pesaba un poco y, si alg\u00fan residente fallec\u00eda, la tristeza pasaba de habitaci\u00f3n en habitaci\u00f3n como una fr\u00eda culebra que estremec\u00eda.<\/p>\n<p>Ese jueves de mediados de mes amaneci\u00f3 fr\u00eda en su cama Teresa. Hab\u00eda tenido una larga y hermosa vida. Las circunstancias la llevaron a vivir en la peque\u00f1a residencia de lo que antes se llamaba ciudad de provincias, donde su manera optimista y alegre de enfrentar achaques y penas se gano el respeto y afecto de todos. Sin familia cercana que la pudiera visitar, cuando lleg\u00f3, hac\u00eda ya quince a\u00f1os, sus compa\u00f1eros y los trabajadores se convirtieron en sus parientes. Juntos disfrutaron y rieron. Su p\u00e9rdida era devastadora.<\/p>\n<p>Por la tarde, la directora convoc\u00f3 a todos, personal y residentes en la sala com\u00fan donde se reun\u00edan para jugar a las cartas, ver la televisi\u00f3n, charlar o lo que se terciara. Nadie falt\u00f3 al homenaje de Teresa. Las caras de tristeza y las l\u00e1grimas reflejaban lo mucho que la quer\u00edan.<\/p>\n<p>\u2014Queridos amigos \u2014empez\u00f3 a decir la directora\u2014, sab\u00e9is que nos ha dejado nuestra Teresa. Hace unos cinco a\u00f1os, Teresa y yo tuvimos una larga charla sobre la vida y la muerte. Me regal\u00f3 una lecci\u00f3n de vida que nunca olvidar\u00e9, que ha guiado mi trabajo y que me ha ayudado personalmente a afrontar las dificultades que, como ha todos, se me han ido presentado. \u2014Mir\u00f3 a su p\u00fablico, que apretaba pa\u00f1uelos, se restregaba las l\u00e1grimas o directamente, sollozaba\u2014. Hace una semana no se encontraba bien, present\u00eda el final y volvimos a tener una conversaci\u00f3n profunda y maravillosa. Tambi\u00e9n me dio un sobre y me dijo que era un regalo que quer\u00eda hacer a su familia cuando ella no estuviera, y que su familia somos nosotros. Esta es la carta que escribi\u00f3 para todos.<\/p>\n<p>La directora comenz\u00f3 a leer llena de emoci\u00f3n:<\/p>\n<p><em>\u00abQueridos amigos:\u00a0<\/em><\/p>\n<p><em>He tenido una vida rica y feliz. Jugu\u00e9 cuando era ni\u00f1a, bail\u00e9 cuando fui joven, trabaj\u00e9 y me gan\u00e9 la vida, perd\u00ed un amor, encontr\u00e9 otro, luego se fue\u2026 En fin, nada extraordinario con respecto a otras personas, aunque para m\u00ed s\u00ed lo es, pues es lo que me sucedi\u00f3.\u00a0<\/em><\/p>\n<p><em>He tenido la suerte de en mis \u00faltimos a\u00f1os encontrar una familia en esta casa donde vivimos todos. He conocido a personas extraordinarias con las que he compartido experiencias y de las que he aprendido mucho.\u00a0\u00a0<\/em><\/p>\n<p><em>\u00a1Como nos hemos re\u00eddo! Las visitas al museo, el teatro, las labores, las clases de gimnasia que se me daban fatal, las veces que me echaban de la cocina para que no zascandileara, la alegr\u00eda de los tomates de principios de septiembre y las cestas que acarre\u00e1bamos de dos en dos.\u00a0\u00a0<\/em><\/p>\n<p><em>Nadie quedar\u00e1 aqu\u00ed, todos nos iremos. Aunque eso cause la inevitable tristeza, no quiero que el d\u00eda de mi marcha sea de luto. S\u00e9 que me voy a ir pronto y quiero que mis amigos, mi familia, celebren la suerte de los a\u00f1os compartidos, la suerte de vivir, la suerte de la alegr\u00eda que da hacer cosas.\u00a0<\/em><\/p>\n<p><em>Por eso quiero que esta carta sea le\u00edda y que se cumpla mi voluntad.\u00a0\u00a0<\/em><\/p>\n<p><em>He dejado a la directora, Laura, querida amiga, una peque\u00f1a cantidad de dinero e instrucciones.\u00a0<\/em><\/p>\n<p><em>Nac\u00ed en una peque\u00f1a aldea del norte de la provincia de Le\u00f3n. All\u00ed, como en otros mucho sitos, noviembre se celebra con una magosto, en otras partes se llama casta\u00f1ada.\u00a0<\/em><\/p>\n<p><em>Quiero que se celebre un magosto a mi salud, donde solo se cuenten momentos felices, donde se me recuerde riendo y que acabe con la alegr\u00eda que merece la vida.\u00a0<\/em><\/p>\n<p><em>Laura tiene las instrucciones.\u00a0\u00a0<\/em><\/p>\n<p><em>Os quiere, Teresa\u00bb.\u00a0<\/em><\/p>\n<p>La directora acab\u00f3 la lectura e hizo una se\u00f1a para que todos la siguieran. En un peque\u00f1o porche que hab\u00eda detr\u00e1s de la cocina, descubrieron una hoguera, en ella hab\u00eda un cilindro agujereado donde se asaban un mont\u00f3n de casta\u00f1as que extend\u00edan un olor embriagante y evocador. Para quien pudiera tomar, tambi\u00e9n hab\u00eda vino nuevo y chorizos cocidos. La sillas rodeaban la hoguera.<\/p>\n<p>Los residentes se fueron situando, haciendo un hueco a quien iba en silla de ruedas, recolocando a quienes necesitaban ayuda\u2026 Se repartieron mantas que cubr\u00edan los hombros.<\/p>\n<p>Enseguida el olor de las casta\u00f1as y el peque\u00f1o trago de vino empezaron a hacer efecto. Las lenguas se soltaron y t\u00edmidas risas aparecieron al recordar an\u00e9cdotas: una compa\u00f1era cont\u00f3 una vez que se perdieron, un enfermero cuando Teresa dec\u00eda que ten\u00eda musara\u00f1as en la cabeza en vez de migra\u00f1as\u2026<\/p>\n<p>La velada super\u00f3 la hora habitual de recogerse. Nadie quer\u00eda renunciar a las risas, conversaciones atropelladas y aspavientos. Todos celebraban el maravilloso regalo que les hab\u00eda hecho Teresa.<\/p>\n","protected":false},"excerpt":{"rendered":"<p>117Continuamos recibiendo en Inforesidencias.com relatos e historias cortas sobre la vida en residencias de mayores. \u00a0En este caso, nos ha llegado uno de C\u00e1ndida Cueto (nombre ficticio) sobre la vida oto\u00f1al en residencias de mayores. \u00a0Se titula: \u00a0El Magosto. \u00a0El Magosto Los d\u00edas grises de noviembre, cuando ya la lluvia era una constante irremediable y el fr\u00edo se hab\u00eda instalado, parec\u00eda que una melancol\u00eda especial se extend\u00eda por los pasillos de la residencia para mayores, que ocupaba la \u00faltima edificaci\u00f3n de una calle que daba directamente a un extenso campo de labor que, en oto\u00f1o, fund\u00eda los colores marrones con la niebla que apenas se levantaba un rato a mediod\u00eda, cuando un sol t\u00edmido luchaba por aparecer, sin mucho \u00e9xito, entre girones persistentes de nubes. El personal del centro siempre se volv\u00eda aprensivo cuando el acortamiento de los d\u00edas hac\u00eda encender la luces antes, pues sab\u00edan que los residentes soltaban [&hellip;]<\/p>\n","protected":false},"author":2,"featured_media":923,"comment_status":"open","ping_status":"open","sticky":false,"template":"","format":"standard","meta":{"footnotes":""},"categories":[5],"tags":[],"yoast_head":"<!-- This site is optimized with the Yoast SEO plugin v21.7 - https:\/\/yoast.com\/wordpress\/plugins\/seo\/ -->\n<title>El Magosto. Un relato sobre la vida en residencias - Blog Inforesidencias.com<\/title>\n<meta name=\"description\" content=\"Un relato corto sobre la vida en residencias de ancianos: Magosto\" \/>\n<meta name=\"robots\" content=\"index, follow, max-snippet:-1, max-image-preview:large, max-video-preview:-1\" \/>\n<link rel=\"canonical\" href=\"https:\/\/www.inforesidencias.com\/blog\/index.php\/2017\/01\/17\/magosto-relato-residencias\/\" \/>\n<meta property=\"og:locale\" content=\"es_ES\" \/>\n<meta property=\"og:type\" content=\"article\" \/>\n<meta property=\"og:title\" content=\"El Magosto. Un relato sobre la vida en residencias - Blog Inforesidencias.com\" \/>\n<meta property=\"og:description\" content=\"Un relato corto sobre la vida en residencias de ancianos: Magosto\" \/>\n<meta property=\"og:url\" content=\"https:\/\/www.inforesidencias.com\/blog\/index.php\/2017\/01\/17\/magosto-relato-residencias\/\" \/>\n<meta property=\"og:site_name\" content=\"Blog Inforesidencias.com\" \/>\n<meta property=\"article:publisher\" content=\"https:\/\/www.facebook.com\/Inforesidencias\/\" \/>\n<meta property=\"article:author\" content=\"https:\/\/www.facebook.com\/josep.demarti\" \/>\n<meta property=\"article:published_time\" content=\"2017-01-17T08:29:17+00:00\" \/>\n<meta property=\"article:modified_time\" content=\"2017-01-02T08:59:59+00:00\" \/>\n<meta property=\"og:image\" content=\"https:\/\/www.inforesidencias.com\/blog\/wp-content\/uploads\/2017\/01\/Captura-de-pantalla-2017-01-02-a-las-9.26.27.png\" \/>\n\t<meta property=\"og:image:width\" content=\"717\" \/>\n\t<meta property=\"og:image:height\" content=\"440\" \/>\n\t<meta property=\"og:image:type\" content=\"image\/png\" \/>\n<meta name=\"author\" content=\"Josep de Mart\u00ed\" \/>\n<meta name=\"twitter:card\" content=\"summary_large_image\" \/>\n<meta name=\"twitter:creator\" content=\"@blog-ir\" \/>\n<meta name=\"twitter:site\" content=\"@inforesidencias\" \/>\n<meta name=\"twitter:label1\" content=\"Escrito por\" \/>\n\t<meta name=\"twitter:data1\" content=\"Josep de Mart\u00ed\" \/>\n\t<meta name=\"twitter:label2\" content=\"Tiempo de lectura\" \/>\n\t<meta name=\"twitter:data2\" content=\"5 minutos\" \/>\n<script type=\"application\/ld+json\" class=\"yoast-schema-graph\">{\"@context\":\"https:\/\/schema.org\",\"@graph\":[{\"@type\":\"WebPage\",\"@id\":\"https:\/\/www.inforesidencias.com\/blog\/index.php\/2017\/01\/17\/magosto-relato-residencias\/\",\"url\":\"https:\/\/www.inforesidencias.com\/blog\/index.php\/2017\/01\/17\/magosto-relato-residencias\/\",\"name\":\"El Magosto. Un relato sobre la vida en residencias - Blog Inforesidencias.com\",\"isPartOf\":{\"@id\":\"https:\/\/www.inforesidencias.com\/blog\/#website\"},\"datePublished\":\"2017-01-17T08:29:17+00:00\",\"dateModified\":\"2017-01-02T08:59:59+00:00\",\"author\":{\"@id\":\"https:\/\/www.inforesidencias.com\/blog\/#\/schema\/person\/9e146774d1eb3bc1c0316242a3898628\"},\"description\":\"Un relato corto sobre la vida en residencias de ancianos: Magosto\",\"breadcrumb\":{\"@id\":\"https:\/\/www.inforesidencias.com\/blog\/index.php\/2017\/01\/17\/magosto-relato-residencias\/#breadcrumb\"},\"inLanguage\":\"es\",\"potentialAction\":[{\"@type\":\"ReadAction\",\"target\":[\"https:\/\/www.inforesidencias.com\/blog\/index.php\/2017\/01\/17\/magosto-relato-residencias\/\"]}]},{\"@type\":\"BreadcrumbList\",\"@id\":\"https:\/\/www.inforesidencias.com\/blog\/index.php\/2017\/01\/17\/magosto-relato-residencias\/#breadcrumb\",\"itemListElement\":[{\"@type\":\"ListItem\",\"position\":1,\"name\":\"Home\",\"item\":\"https:\/\/www.inforesidencias.com\/blog\/\"},{\"@type\":\"ListItem\",\"position\":2,\"name\":\"El Magosto. Un relato sobre la vida en residencias\"}]},{\"@type\":\"WebSite\",\"@id\":\"https:\/\/www.inforesidencias.com\/blog\/#website\",\"url\":\"https:\/\/www.inforesidencias.com\/blog\/\",\"name\":\"Blog Inforesidencias.com\",\"description\":\"El buscador de residencias de la 3\u00aa edad\",\"potentialAction\":[{\"@type\":\"SearchAction\",\"target\":{\"@type\":\"EntryPoint\",\"urlTemplate\":\"https:\/\/www.inforesidencias.com\/blog\/?s={search_term_string}\"},\"query-input\":\"required name=search_term_string\"}],\"inLanguage\":\"es\"},{\"@type\":\"Person\",\"@id\":\"https:\/\/www.inforesidencias.com\/blog\/#\/schema\/person\/9e146774d1eb3bc1c0316242a3898628\",\"name\":\"Josep de Mart\u00ed\",\"image\":{\"@type\":\"ImageObject\",\"inLanguage\":\"es\",\"@id\":\"https:\/\/www.inforesidencias.com\/blog\/#\/schema\/person\/image\/\",\"url\":\"https:\/\/secure.gravatar.com\/avatar\/de0302c4806c00c4cebff396a798c1ff?s=96&d=mm&r=g\",\"contentUrl\":\"https:\/\/secure.gravatar.com\/avatar\/de0302c4806c00c4cebff396a798c1ff?s=96&d=mm&r=g\",\"caption\":\"Josep de Mart\u00ed\"},\"sameAs\":[\"https:\/\/www.inforesidencias.com\",\"https:\/\/www.facebook.com\/josep.demarti\",\"https:\/\/twitter.com\/blog-ir\"],\"url\":\"https:\/\/www.inforesidencias.com\/blog\/index.php\/author\/josepdemarti\/\"}]}<\/script>\n<!-- \/ Yoast SEO plugin. -->","yoast_head_json":{"title":"El Magosto. Un relato sobre la vida en residencias - Blog Inforesidencias.com","description":"Un relato corto sobre la vida en residencias de ancianos: Magosto","robots":{"index":"index","follow":"follow","max-snippet":"max-snippet:-1","max-image-preview":"max-image-preview:large","max-video-preview":"max-video-preview:-1"},"canonical":"https:\/\/www.inforesidencias.com\/blog\/index.php\/2017\/01\/17\/magosto-relato-residencias\/","og_locale":"es_ES","og_type":"article","og_title":"El Magosto. Un relato sobre la vida en residencias - Blog Inforesidencias.com","og_description":"Un relato corto sobre la vida en residencias de ancianos: Magosto","og_url":"https:\/\/www.inforesidencias.com\/blog\/index.php\/2017\/01\/17\/magosto-relato-residencias\/","og_site_name":"Blog Inforesidencias.com","article_publisher":"https:\/\/www.facebook.com\/Inforesidencias\/","article_author":"https:\/\/www.facebook.com\/josep.demarti","article_published_time":"2017-01-17T08:29:17+00:00","article_modified_time":"2017-01-02T08:59:59+00:00","og_image":[{"width":717,"height":440,"url":"https:\/\/www.inforesidencias.com\/blog\/wp-content\/uploads\/2017\/01\/Captura-de-pantalla-2017-01-02-a-las-9.26.27.png","type":"image\/png"}],"author":"Josep de Mart\u00ed","twitter_card":"summary_large_image","twitter_creator":"@blog-ir","twitter_site":"@inforesidencias","twitter_misc":{"Escrito por":"Josep de Mart\u00ed","Tiempo de lectura":"5 minutos"},"schema":{"@context":"https:\/\/schema.org","@graph":[{"@type":"WebPage","@id":"https:\/\/www.inforesidencias.com\/blog\/index.php\/2017\/01\/17\/magosto-relato-residencias\/","url":"https:\/\/www.inforesidencias.com\/blog\/index.php\/2017\/01\/17\/magosto-relato-residencias\/","name":"El Magosto. Un relato sobre la vida en residencias - Blog Inforesidencias.com","isPartOf":{"@id":"https:\/\/www.inforesidencias.com\/blog\/#website"},"datePublished":"2017-01-17T08:29:17+00:00","dateModified":"2017-01-02T08:59:59+00:00","author":{"@id":"https:\/\/www.inforesidencias.com\/blog\/#\/schema\/person\/9e146774d1eb3bc1c0316242a3898628"},"description":"Un relato corto sobre la vida en residencias de ancianos: Magosto","breadcrumb":{"@id":"https:\/\/www.inforesidencias.com\/blog\/index.php\/2017\/01\/17\/magosto-relato-residencias\/#breadcrumb"},"inLanguage":"es","potentialAction":[{"@type":"ReadAction","target":["https:\/\/www.inforesidencias.com\/blog\/index.php\/2017\/01\/17\/magosto-relato-residencias\/"]}]},{"@type":"BreadcrumbList","@id":"https:\/\/www.inforesidencias.com\/blog\/index.php\/2017\/01\/17\/magosto-relato-residencias\/#breadcrumb","itemListElement":[{"@type":"ListItem","position":1,"name":"Home","item":"https:\/\/www.inforesidencias.com\/blog\/"},{"@type":"ListItem","position":2,"name":"El Magosto. Un relato sobre la vida en residencias"}]},{"@type":"WebSite","@id":"https:\/\/www.inforesidencias.com\/blog\/#website","url":"https:\/\/www.inforesidencias.com\/blog\/","name":"Blog Inforesidencias.com","description":"El buscador de residencias de la 3\u00aa edad","potentialAction":[{"@type":"SearchAction","target":{"@type":"EntryPoint","urlTemplate":"https:\/\/www.inforesidencias.com\/blog\/?s={search_term_string}"},"query-input":"required name=search_term_string"}],"inLanguage":"es"},{"@type":"Person","@id":"https:\/\/www.inforesidencias.com\/blog\/#\/schema\/person\/9e146774d1eb3bc1c0316242a3898628","name":"Josep de Mart\u00ed","image":{"@type":"ImageObject","inLanguage":"es","@id":"https:\/\/www.inforesidencias.com\/blog\/#\/schema\/person\/image\/","url":"https:\/\/secure.gravatar.com\/avatar\/de0302c4806c00c4cebff396a798c1ff?s=96&d=mm&r=g","contentUrl":"https:\/\/secure.gravatar.com\/avatar\/de0302c4806c00c4cebff396a798c1ff?s=96&d=mm&r=g","caption":"Josep de Mart\u00ed"},"sameAs":["https:\/\/www.inforesidencias.com","https:\/\/www.facebook.com\/josep.demarti","https:\/\/twitter.com\/blog-ir"],"url":"https:\/\/www.inforesidencias.com\/blog\/index.php\/author\/josepdemarti\/"}]}},"_links":{"self":[{"href":"https:\/\/www.inforesidencias.com\/blog\/index.php\/wp-json\/wp\/v2\/posts\/921"}],"collection":[{"href":"https:\/\/www.inforesidencias.com\/blog\/index.php\/wp-json\/wp\/v2\/posts"}],"about":[{"href":"https:\/\/www.inforesidencias.com\/blog\/index.php\/wp-json\/wp\/v2\/types\/post"}],"author":[{"embeddable":true,"href":"https:\/\/www.inforesidencias.com\/blog\/index.php\/wp-json\/wp\/v2\/users\/2"}],"replies":[{"embeddable":true,"href":"https:\/\/www.inforesidencias.com\/blog\/index.php\/wp-json\/wp\/v2\/comments?post=921"}],"version-history":[{"count":2,"href":"https:\/\/www.inforesidencias.com\/blog\/index.php\/wp-json\/wp\/v2\/posts\/921\/revisions"}],"predecessor-version":[{"id":925,"href":"https:\/\/www.inforesidencias.com\/blog\/index.php\/wp-json\/wp\/v2\/posts\/921\/revisions\/925"}],"wp:featuredmedia":[{"embeddable":true,"href":"https:\/\/www.inforesidencias.com\/blog\/index.php\/wp-json\/wp\/v2\/media\/923"}],"wp:attachment":[{"href":"https:\/\/www.inforesidencias.com\/blog\/index.php\/wp-json\/wp\/v2\/media?parent=921"}],"wp:term":[{"taxonomy":"category","embeddable":true,"href":"https:\/\/www.inforesidencias.com\/blog\/index.php\/wp-json\/wp\/v2\/categories?post=921"},{"taxonomy":"post_tag","embeddable":true,"href":"https:\/\/www.inforesidencias.com\/blog\/index.php\/wp-json\/wp\/v2\/tags?post=921"}],"curies":[{"name":"wp","href":"https:\/\/api.w.org\/{rel}","templated":true}]}}