{"id":926,"date":"2017-01-23T09:30:34","date_gmt":"2017-01-23T09:30:34","guid":{"rendered":"https:\/\/www.inforesidencias.com\/blog\/?p=926"},"modified":"2017-01-08T22:19:17","modified_gmt":"2017-01-08T22:19:17","slug":"relato-sobre-la-vida-en-una-residencia-de-mayores-la-escuela","status":"publish","type":"post","link":"https:\/\/www.inforesidencias.com\/blog\/index.php\/2017\/01\/23\/relato-sobre-la-vida-en-una-residencia-de-mayores-la-escuela\/","title":{"rendered":"Relato sobre  la vida  en una residencia de mayores: La Escuela"},"content":{"rendered":"<p>Un nuevo relato corto sobre la vida en una residencia de mayores. \u00a0Recordad que, si ten\u00e9is una vena literaria y quer\u00e9is compartir vuestros textos, estaremos encantados de difundirlos.<\/p>\n<h2>La escuela<\/h2>\n<p>Do\u00f1a Pilar es una mujer enjuta, de agradable conversaci\u00f3n, serena y \u00e1gil que, a sus ochenta y siete a\u00f1os reci\u00e9n cumplidos, sigue teniendo el aspecto de lo que siempre fue, una maestra de escuela, como se dec\u00eda antes.<\/p>\n<p><a href=\"https:\/\/www.inforesidencias.com\/blog\/wp-content\/uploads\/2017\/01\/Captura-de-pantalla-2017-01-02-a-las-10.31.26.png\"><img decoding=\"async\" loading=\"lazy\" class=\"alignright size-full wp-image-930\" src=\"https:\/\/www.inforesidencias.com\/blog\/wp-content\/uploads\/2017\/01\/Captura-de-pantalla-2017-01-02-a-las-10.31.26.png\" alt=\"Profesora de 99 a\u00f1os\" width=\"539\" height=\"422\" \/><\/a>Sesenta a\u00f1os hace que empez\u00f3 la tarea de educar y ayudar a crecer intelectualmente a ni\u00f1os y ni\u00f1as en una \u00e9poca en la que nada era f\u00e1cil, y mucho menos si no comulgabas con la ideolog\u00eda forzada del r\u00e9gimen. Si para algo le sirvi\u00f3 esa situaci\u00f3n, fue para agudizar el ingenio que permit\u00eda la supervivencia y la transmisi\u00f3n de sus ense\u00f1anzas y de la trasmisi\u00f3n de sus ense\u00f1anzas, que iban mucho m\u00e1s all\u00e1 del abecedario y las cuentas: se alargaban a la vida, al pensamiento, al mundo.<\/p>\n<p>Do\u00f1a Pilar, resuelta despu\u00e9s de haber recibido el regalo maravilloso ofrecido por sus ya casi ancianos exalumnos de visitarla el d\u00eda de su cumplea\u00f1os, se dirige al despacho de la directora de la residencia donde vive desde hace unos a\u00f1os para notificarle su decisi\u00f3n de abrir una escuela.<\/p>\n<p>\u2014\u00bfC\u00f3mo dice, Pilar? \u2014pregunta asombrada y medio incr\u00e9dula su interlocutora.<\/p>\n<p>\u2014Pues eso, Sof\u00eda, que la visita del otro d\u00eda me ha hecho sentir joven de nuevo, llena de vida y ganas para hacer lo que siempre he hecho, para volver a ser lo que siempre he sido: maestra. Y, sin falsa modestia, creo que no se me ha dado mal la cosa.<\/p>\n<p>\u2014Me consta, Pilar, me consta. Sus antiguos alumnos que vinieron el otro d\u00eda no hac\u00edan otra cosa que hablar maravillas de usted, de lo que les ayud\u00f3, de lo divertidas y entra\u00f1ables que eran sus clases,\u2026 Pero aqu\u00ed, Pilar, \u00bfqu\u00e9 podemos hacer?<\/p>\n<p>\u2014Muy sencillo, hija \u2014responde r\u00e1pida la entusiasta anciana\u2014. Las maestras, \u00bfpara qu\u00e9 est\u00e1n? Para ense\u00f1ar, \u00bfverdad? \u2014La directora asiente\u2014.Pues eso. Me consta, y a ti tambi\u00e9n, que aqu\u00ed hay cinco o seis personas, casi todas mujeres que, lamentablemente, no saben apenas leer o escribir, y de las cuentas ya ni hablamos. Alguna que otra vez he intentado ayudar y ense\u00f1arles y me han dicho que si han podido salir adelante hasta ahora, que ya para qu\u00e9, si no lo necesitan, y por m\u00e1s que he intentado hacerles ver que se est\u00e1n perdiendo muchas cosas (ellas siempre se r\u00eden porque piensan que ya no les queda tanto tiempo para poder perderse muchas cosas), est\u00e1n tan convencidas de lo in\u00fatil del esfuerzo que es una tarea complicad\u00edsima.<\/p>\n<p>\u2014Pero usted misma ha abierto la costura y se est\u00e1 poniendo trabas para remendarla, Pilar \u2014observa do\u00f1a Sof\u00eda.<\/p>\n<p>\u2014\u00a1Ni mucho menos, hija! Yo te estoy diciendo que es muy complicado, pero no imposible. Por eso he venido a pedir tu apoyo. Yo s\u00e9 que est\u00e1s conmigo en que es un proyecto hermoso que sacar\u00e1 a esas personas de la rutina de la dichosa telenovela despu\u00e9s de comer y del ganchillo despu\u00e9s del caf\u00e9, que no le quito su valor pero, que estamos de tapetitos de hilo y de hijas abandonadas por sus madres y con padres curas hasta donde no te digo.<\/p>\n<p>\u2014\u00a1Ja, ja, ja! \u2014r\u00ede la directora\u2014. \u00a1Qu\u00e9 cosas tiene usted, do\u00f1a Pilar! Pero tenemos los talleres de pintura, bailes de sal\u00f3n\u2026<\/p>\n<p>\u2014Y de canto, y de yoga \u2014interrumpe ,a vieja maestra\u2014. Y todos estupendos y necesarios, Sof\u00eda. No lo discuto. Pero creo que intentar esto para que ellas puedan sentir lo maravilloso que es no tener que depender de nadie para saber el nombre de la actriz venezolana de su telenovela favorita escrito en pantalla, es importante. Simplemente eso, porque s\u00e9 que hasta que no lo vivan, no van a reconocer lo importante que es. F\u00edjate con qu\u00e9 poco me conformo. Y, adem\u00e1s, que no solo se trata de eso, de ense\u00f1arles a leer y escribir. T\u00fa sabes que yo no soy solo de letras y n\u00fameros. Me interesa mucho m\u00e1s que en la escuela nos ense\u00f1emos unos a los otros lo que el mejor libro nos ha podido ense\u00f1ar, que es el de la vida, y de ese, todos tenemos unas cuantas p\u00e1ginas. Lo \u00fanico que quiero es que antes de que lleguemos al ep\u00edlogo de ese libro, podamos compartirlo. Yo solo ser\u00eda una gu\u00eda, una especie de moderadora. Como ya hac\u00eda antes con mis ni\u00f1os, \u00bfqui\u00e9n no tiene una pel\u00edcula favorita que nos dio pistas para enfrentarnos a una determinada situaci\u00f3n real en nuestra vida? \u00bfQui\u00e9n no ha hecho un viaje, aunque sea al pueblo de al lado, que nos entusiasm\u00f3 por el motivo que fuera? En definitiva, de eso trata. Primero de enganchar a la gente, que es reacia por pura inercia l\u00f3gica de tantos a\u00f1os igual y, despu\u00e9s, a trav\u00e9s de ese entusiasmo al compartir experiencias (todos somos un poquito abueletes de batallitas) inculcar las ganas de aprender, de seguir creciendo a los setenta a\u00f1os, a los ochenta e incluso a los noventa, \u00bfpor qu\u00e9 no?<\/p>\n<p>Sof\u00eda queda pensativa pero no hay dudas en ella. Apoyar\u00e1 a do\u00f1a Pilar en este proyecto.<\/p>\n<p>Tras un par de semanas de preparativos, en las que colaboraron todos los que pudieron y quisieron, en un intento de involucrar a la mayor cantidad de residentes, acomodan una sala junto al gimnasio.<\/p>\n<p>El comienzo de las clases es hoy a las diez y media, despu\u00e9s del desayuno, aseos personales y medicaciones varias. Do\u00f1a Pilar es la primera en llegar. Son las once menos cuarto y sigue sola. Cabizbaja y apesadumbrada, se dispone a salir, cuando en la puerta se encuentra a la se\u00f1ora Isabel, de setenta y nueve a\u00f1os.<\/p>\n<p>\u2014Me daba verg\u00fcenza entrar, Pilar.<\/p>\n<p>Do\u00f1a Pilar le sonr\u00ede, la coge por el hombro y con mucha suavidad la lleva al asiento que est\u00e1 en el centro de la sala.<\/p>\n<p>\u2014Hoy vas a ser t\u00fa la maestra, Isabel. Seguro que tienes muchas cosas que ense\u00f1arme. \u00bfTe quieres creer que, a mis a\u00f1os, nunca he sabido hacer jab\u00f3n casero?<\/p>\n<p>La se\u00f1ora Isabel, algo t\u00edmida al principio, tras la declaraci\u00f3n de su compa\u00f1era queda asombrada.<\/p>\n<p>\u2014\u00bfNo? \u00a1Pero si es sencill\u00edsimo! \u00a1Y c\u00f3mo quedaban los tapetes de la camilla y la ropa del campo, que era lo que m\u00e1s se ensuciaba!<\/p>\n<p>Pilar sonr\u00ede satisfecha no solo al escuchar c\u00f3mo Isabel explica con todo lujo de detalles la f\u00f3rmula de ese maravilloso jab\u00f3n, sino tambi\u00e9n al ver c\u00f3mo, poco a poco, de forma casi furtiva, van entrando y acomod\u00e1ndose en la clase sus nuevos alumnos, m\u00e1s de diez, algunos de ellos con su libreta de caligraf\u00eda <i>Rubio<\/i> bajo el brazo.<\/p>\n<p>&nbsp;<\/p>\n<p>La fotograf\u00eda corresponde a una historia de Youtube sobre una profesora de 99 a\u00f1os en Estados Unidos<\/p>\n","protected":false},"excerpt":{"rendered":"<p>Un nuevo relato corto sobre la vida en una residencia de mayores. \u00a0Recordad que, si ten\u00e9is una vena literaria y quer\u00e9is compartir vuestros textos, estaremos encantados de difundirlos. La escuela Do\u00f1a Pilar es una mujer enjuta, de agradable conversaci\u00f3n, serena y \u00e1gil que, a sus ochenta y siete a\u00f1os reci\u00e9n cumplidos, sigue teniendo el aspecto de lo que siempre fue, una maestra de escuela, como se dec\u00eda antes. Sesenta a\u00f1os hace que empez\u00f3 la tarea de educar y ayudar a crecer intelectualmente a ni\u00f1os y ni\u00f1as en una \u00e9poca en la que nada era f\u00e1cil, y mucho menos si no comulgabas con la ideolog\u00eda forzada del r\u00e9gimen. Si para algo le sirvi\u00f3 esa situaci\u00f3n, fue para agudizar el ingenio que permit\u00eda la supervivencia y la transmisi\u00f3n de sus ense\u00f1anzas y de la trasmisi\u00f3n de sus ense\u00f1anzas, que iban mucho m\u00e1s all\u00e1 del abecedario y las cuentas: se alargaban a la [&hellip;]<\/p>\n","protected":false},"author":2,"featured_media":930,"comment_status":"open","ping_status":"open","sticky":false,"template":"","format":"standard","meta":{"footnotes":""},"categories":[1],"tags":[],"yoast_head":"<!-- This site is optimized with the Yoast SEO plugin v21.7 - https:\/\/yoast.com\/wordpress\/plugins\/seo\/ -->\n<title>Relato &quot;la Escuela&quot; sobre vida en una residencia de mayores<\/title>\n<meta name=\"description\" content=\"La vida en una residencia de mayores conlleva muchas experiencias diferentes. La Escuela, un relato corto de ficci\u00f3n sobre la vida en un centro geri\u00e1trico\" \/>\n<meta name=\"robots\" content=\"index, follow, max-snippet:-1, max-image-preview:large, max-video-preview:-1\" \/>\n<link rel=\"canonical\" href=\"https:\/\/www.inforesidencias.com\/blog\/index.php\/2017\/01\/23\/relato-sobre-la-vida-en-una-residencia-de-mayores-la-escuela\/\" \/>\n<meta property=\"og:locale\" content=\"es_ES\" \/>\n<meta property=\"og:type\" content=\"article\" \/>\n<meta property=\"og:title\" content=\"Relato &quot;la Escuela&quot; sobre vida en una residencia de mayores\" \/>\n<meta property=\"og:description\" content=\"La vida en una residencia de mayores conlleva muchas experiencias diferentes. La Escuela, un relato corto de ficci\u00f3n sobre la vida en un centro geri\u00e1trico\" \/>\n<meta property=\"og:url\" content=\"https:\/\/www.inforesidencias.com\/blog\/index.php\/2017\/01\/23\/relato-sobre-la-vida-en-una-residencia-de-mayores-la-escuela\/\" \/>\n<meta property=\"og:site_name\" content=\"Blog Inforesidencias.com\" \/>\n<meta property=\"article:publisher\" content=\"https:\/\/www.facebook.com\/Inforesidencias\/\" \/>\n<meta property=\"article:author\" content=\"https:\/\/www.facebook.com\/josep.demarti\" \/>\n<meta property=\"article:published_time\" content=\"2017-01-23T09:30:34+00:00\" \/>\n<meta property=\"article:modified_time\" content=\"2017-01-08T22:19:17+00:00\" \/>\n<meta property=\"og:image\" content=\"https:\/\/www.inforesidencias.com\/blog\/wp-content\/uploads\/2017\/01\/Captura-de-pantalla-2017-01-02-a-las-10.31.26.png\" \/>\n\t<meta property=\"og:image:width\" content=\"539\" \/>\n\t<meta property=\"og:image:height\" content=\"422\" \/>\n\t<meta property=\"og:image:type\" content=\"image\/png\" \/>\n<meta name=\"author\" content=\"Josep de Mart\u00ed\" \/>\n<meta name=\"twitter:card\" content=\"summary_large_image\" \/>\n<meta name=\"twitter:creator\" content=\"@blog-ir\" \/>\n<meta name=\"twitter:site\" content=\"@inforesidencias\" \/>\n<meta name=\"twitter:label1\" content=\"Escrito por\" \/>\n\t<meta name=\"twitter:data1\" content=\"Josep de Mart\u00ed\" \/>\n\t<meta name=\"twitter:label2\" content=\"Tiempo de lectura\" \/>\n\t<meta name=\"twitter:data2\" content=\"6 minutos\" \/>\n<script type=\"application\/ld+json\" class=\"yoast-schema-graph\">{\"@context\":\"https:\/\/schema.org\",\"@graph\":[{\"@type\":\"WebPage\",\"@id\":\"https:\/\/www.inforesidencias.com\/blog\/index.php\/2017\/01\/23\/relato-sobre-la-vida-en-una-residencia-de-mayores-la-escuela\/\",\"url\":\"https:\/\/www.inforesidencias.com\/blog\/index.php\/2017\/01\/23\/relato-sobre-la-vida-en-una-residencia-de-mayores-la-escuela\/\",\"name\":\"Relato \\\"la Escuela\\\" sobre vida en una residencia de mayores\",\"isPartOf\":{\"@id\":\"https:\/\/www.inforesidencias.com\/blog\/#website\"},\"datePublished\":\"2017-01-23T09:30:34+00:00\",\"dateModified\":\"2017-01-08T22:19:17+00:00\",\"author\":{\"@id\":\"https:\/\/www.inforesidencias.com\/blog\/#\/schema\/person\/9e146774d1eb3bc1c0316242a3898628\"},\"description\":\"La vida en una residencia de mayores conlleva muchas experiencias diferentes. La Escuela, un relato corto de ficci\u00f3n sobre la vida en un centro geri\u00e1trico\",\"breadcrumb\":{\"@id\":\"https:\/\/www.inforesidencias.com\/blog\/index.php\/2017\/01\/23\/relato-sobre-la-vida-en-una-residencia-de-mayores-la-escuela\/#breadcrumb\"},\"inLanguage\":\"es\",\"potentialAction\":[{\"@type\":\"ReadAction\",\"target\":[\"https:\/\/www.inforesidencias.com\/blog\/index.php\/2017\/01\/23\/relato-sobre-la-vida-en-una-residencia-de-mayores-la-escuela\/\"]}]},{\"@type\":\"BreadcrumbList\",\"@id\":\"https:\/\/www.inforesidencias.com\/blog\/index.php\/2017\/01\/23\/relato-sobre-la-vida-en-una-residencia-de-mayores-la-escuela\/#breadcrumb\",\"itemListElement\":[{\"@type\":\"ListItem\",\"position\":1,\"name\":\"Home\",\"item\":\"https:\/\/www.inforesidencias.com\/blog\/\"},{\"@type\":\"ListItem\",\"position\":2,\"name\":\"Relato sobre la vida en una residencia de mayores: La Escuela\"}]},{\"@type\":\"WebSite\",\"@id\":\"https:\/\/www.inforesidencias.com\/blog\/#website\",\"url\":\"https:\/\/www.inforesidencias.com\/blog\/\",\"name\":\"Blog Inforesidencias.com\",\"description\":\"El buscador de residencias de la 3\u00aa edad\",\"potentialAction\":[{\"@type\":\"SearchAction\",\"target\":{\"@type\":\"EntryPoint\",\"urlTemplate\":\"https:\/\/www.inforesidencias.com\/blog\/?s={search_term_string}\"},\"query-input\":\"required name=search_term_string\"}],\"inLanguage\":\"es\"},{\"@type\":\"Person\",\"@id\":\"https:\/\/www.inforesidencias.com\/blog\/#\/schema\/person\/9e146774d1eb3bc1c0316242a3898628\",\"name\":\"Josep de Mart\u00ed\",\"image\":{\"@type\":\"ImageObject\",\"inLanguage\":\"es\",\"@id\":\"https:\/\/www.inforesidencias.com\/blog\/#\/schema\/person\/image\/\",\"url\":\"https:\/\/secure.gravatar.com\/avatar\/de0302c4806c00c4cebff396a798c1ff?s=96&d=mm&r=g\",\"contentUrl\":\"https:\/\/secure.gravatar.com\/avatar\/de0302c4806c00c4cebff396a798c1ff?s=96&d=mm&r=g\",\"caption\":\"Josep de Mart\u00ed\"},\"sameAs\":[\"https:\/\/www.inforesidencias.com\",\"https:\/\/www.facebook.com\/josep.demarti\",\"https:\/\/twitter.com\/blog-ir\"],\"url\":\"https:\/\/www.inforesidencias.com\/blog\/index.php\/author\/josepdemarti\/\"}]}<\/script>\n<!-- \/ Yoast SEO plugin. -->","yoast_head_json":{"title":"Relato \"la Escuela\" sobre vida en una residencia de mayores","description":"La vida en una residencia de mayores conlleva muchas experiencias diferentes. La Escuela, un relato corto de ficci\u00f3n sobre la vida en un centro geri\u00e1trico","robots":{"index":"index","follow":"follow","max-snippet":"max-snippet:-1","max-image-preview":"max-image-preview:large","max-video-preview":"max-video-preview:-1"},"canonical":"https:\/\/www.inforesidencias.com\/blog\/index.php\/2017\/01\/23\/relato-sobre-la-vida-en-una-residencia-de-mayores-la-escuela\/","og_locale":"es_ES","og_type":"article","og_title":"Relato \"la Escuela\" sobre vida en una residencia de mayores","og_description":"La vida en una residencia de mayores conlleva muchas experiencias diferentes. La Escuela, un relato corto de ficci\u00f3n sobre la vida en un centro geri\u00e1trico","og_url":"https:\/\/www.inforesidencias.com\/blog\/index.php\/2017\/01\/23\/relato-sobre-la-vida-en-una-residencia-de-mayores-la-escuela\/","og_site_name":"Blog Inforesidencias.com","article_publisher":"https:\/\/www.facebook.com\/Inforesidencias\/","article_author":"https:\/\/www.facebook.com\/josep.demarti","article_published_time":"2017-01-23T09:30:34+00:00","article_modified_time":"2017-01-08T22:19:17+00:00","og_image":[{"width":539,"height":422,"url":"https:\/\/www.inforesidencias.com\/blog\/wp-content\/uploads\/2017\/01\/Captura-de-pantalla-2017-01-02-a-las-10.31.26.png","type":"image\/png"}],"author":"Josep de Mart\u00ed","twitter_card":"summary_large_image","twitter_creator":"@blog-ir","twitter_site":"@inforesidencias","twitter_misc":{"Escrito por":"Josep de Mart\u00ed","Tiempo de lectura":"6 minutos"},"schema":{"@context":"https:\/\/schema.org","@graph":[{"@type":"WebPage","@id":"https:\/\/www.inforesidencias.com\/blog\/index.php\/2017\/01\/23\/relato-sobre-la-vida-en-una-residencia-de-mayores-la-escuela\/","url":"https:\/\/www.inforesidencias.com\/blog\/index.php\/2017\/01\/23\/relato-sobre-la-vida-en-una-residencia-de-mayores-la-escuela\/","name":"Relato \"la Escuela\" sobre vida en una residencia de mayores","isPartOf":{"@id":"https:\/\/www.inforesidencias.com\/blog\/#website"},"datePublished":"2017-01-23T09:30:34+00:00","dateModified":"2017-01-08T22:19:17+00:00","author":{"@id":"https:\/\/www.inforesidencias.com\/blog\/#\/schema\/person\/9e146774d1eb3bc1c0316242a3898628"},"description":"La vida en una residencia de mayores conlleva muchas experiencias diferentes. La Escuela, un relato corto de ficci\u00f3n sobre la vida en un centro geri\u00e1trico","breadcrumb":{"@id":"https:\/\/www.inforesidencias.com\/blog\/index.php\/2017\/01\/23\/relato-sobre-la-vida-en-una-residencia-de-mayores-la-escuela\/#breadcrumb"},"inLanguage":"es","potentialAction":[{"@type":"ReadAction","target":["https:\/\/www.inforesidencias.com\/blog\/index.php\/2017\/01\/23\/relato-sobre-la-vida-en-una-residencia-de-mayores-la-escuela\/"]}]},{"@type":"BreadcrumbList","@id":"https:\/\/www.inforesidencias.com\/blog\/index.php\/2017\/01\/23\/relato-sobre-la-vida-en-una-residencia-de-mayores-la-escuela\/#breadcrumb","itemListElement":[{"@type":"ListItem","position":1,"name":"Home","item":"https:\/\/www.inforesidencias.com\/blog\/"},{"@type":"ListItem","position":2,"name":"Relato sobre la vida en una residencia de mayores: La Escuela"}]},{"@type":"WebSite","@id":"https:\/\/www.inforesidencias.com\/blog\/#website","url":"https:\/\/www.inforesidencias.com\/blog\/","name":"Blog Inforesidencias.com","description":"El buscador de residencias de la 3\u00aa edad","potentialAction":[{"@type":"SearchAction","target":{"@type":"EntryPoint","urlTemplate":"https:\/\/www.inforesidencias.com\/blog\/?s={search_term_string}"},"query-input":"required name=search_term_string"}],"inLanguage":"es"},{"@type":"Person","@id":"https:\/\/www.inforesidencias.com\/blog\/#\/schema\/person\/9e146774d1eb3bc1c0316242a3898628","name":"Josep de Mart\u00ed","image":{"@type":"ImageObject","inLanguage":"es","@id":"https:\/\/www.inforesidencias.com\/blog\/#\/schema\/person\/image\/","url":"https:\/\/secure.gravatar.com\/avatar\/de0302c4806c00c4cebff396a798c1ff?s=96&d=mm&r=g","contentUrl":"https:\/\/secure.gravatar.com\/avatar\/de0302c4806c00c4cebff396a798c1ff?s=96&d=mm&r=g","caption":"Josep de Mart\u00ed"},"sameAs":["https:\/\/www.inforesidencias.com","https:\/\/www.facebook.com\/josep.demarti","https:\/\/twitter.com\/blog-ir"],"url":"https:\/\/www.inforesidencias.com\/blog\/index.php\/author\/josepdemarti\/"}]}},"_links":{"self":[{"href":"https:\/\/www.inforesidencias.com\/blog\/index.php\/wp-json\/wp\/v2\/posts\/926"}],"collection":[{"href":"https:\/\/www.inforesidencias.com\/blog\/index.php\/wp-json\/wp\/v2\/posts"}],"about":[{"href":"https:\/\/www.inforesidencias.com\/blog\/index.php\/wp-json\/wp\/v2\/types\/post"}],"author":[{"embeddable":true,"href":"https:\/\/www.inforesidencias.com\/blog\/index.php\/wp-json\/wp\/v2\/users\/2"}],"replies":[{"embeddable":true,"href":"https:\/\/www.inforesidencias.com\/blog\/index.php\/wp-json\/wp\/v2\/comments?post=926"}],"version-history":[{"count":4,"href":"https:\/\/www.inforesidencias.com\/blog\/index.php\/wp-json\/wp\/v2\/posts\/926\/revisions"}],"predecessor-version":[{"id":931,"href":"https:\/\/www.inforesidencias.com\/blog\/index.php\/wp-json\/wp\/v2\/posts\/926\/revisions\/931"}],"wp:featuredmedia":[{"embeddable":true,"href":"https:\/\/www.inforesidencias.com\/blog\/index.php\/wp-json\/wp\/v2\/media\/930"}],"wp:attachment":[{"href":"https:\/\/www.inforesidencias.com\/blog\/index.php\/wp-json\/wp\/v2\/media?parent=926"}],"wp:term":[{"taxonomy":"category","embeddable":true,"href":"https:\/\/www.inforesidencias.com\/blog\/index.php\/wp-json\/wp\/v2\/categories?post=926"},{"taxonomy":"post_tag","embeddable":true,"href":"https:\/\/www.inforesidencias.com\/blog\/index.php\/wp-json\/wp\/v2\/tags?post=926"}],"curies":[{"name":"wp","href":"https:\/\/api.w.org\/{rel}","templated":true}]}}