{"id":932,"date":"2017-01-08T22:14:11","date_gmt":"2017-01-08T22:14:11","guid":{"rendered":"https:\/\/www.inforesidencias.com\/blog\/?p=932"},"modified":"2017-01-08T22:18:22","modified_gmt":"2017-01-08T22:18:22","slug":"la-edad-biologica-ya-no-es-lo-que-era","status":"publish","type":"post","link":"https:\/\/www.inforesidencias.com\/blog\/index.php\/2017\/01\/08\/la-edad-biologica-ya-no-es-lo-que-era\/","title":{"rendered":"La edad biol\u00f3gica ya no es lo que era"},"content":{"rendered":"<p>La edad biol\u00f3gica pierde peso frente a la edad coronol\u00f3gica, o sea el tiempo que ha pasado desde el d\u00eda de nuestro nacimiento.<\/p>\n<div id=\"attachment_934\" style=\"width: 460px\" class=\"wp-caption alignleft\"><a href=\"https:\/\/www.inforesidencias.com\/blog\/wp-content\/uploads\/2017\/01\/edad-biologica.jpg\"><img aria-describedby=\"caption-attachment-934\" decoding=\"async\" loading=\"lazy\" class=\"size-full wp-image-934\" src=\"https:\/\/www.inforesidencias.com\/blog\/wp-content\/uploads\/2017\/01\/edad-biologica.jpg\" alt=\"La edad biol\u00f3gica se separa de la real \" width=\"450\" height=\"300\" \/><\/a><p id=\"caption-attachment-934\" class=\"wp-caption-text\">La edad biol\u00f3gica se separa de la real<\/p><\/div>\n<p>Recientemente has salido algunos art\u00edculos en prensa que tratan acerca de que los par\u00e1metros que antes se utilizaba para definir la juventud y la vejez ya no resultan v\u00e1lidos. La transformaci\u00f3n de la sociedad en los \u00faltimos 50 a\u00f1os ha sido de tal magnitud que las fronteras se diluyen y no se tienen respuestas claras.<\/p>\n<p>Se es ni\u00f1o menos tiempo, preadolescencia y adolescencia se funden, solemos o\u00edr en las noticias: \u00abUn joven de 40 a\u00f1os\u2026\u00bb, algo chocante, pero que seguro que a la gente de esa edad le sienta muy bien.<\/p>\n<p>Los par\u00e1metros que usamos hoy ser\u00edan muy chocantes para nuestros abuelos, decimos cuando alguien fallece a los 70 a\u00f1os: \u00abPues no era tan mayor\u00bb, nadie llamar\u00eda anciano a algunos mandatarios, aunque superen la setentena con amplitud, longevos artistas, con conciertos, pel\u00edculas, cuadros, libros\u2026 que han superado con creces la edad de jubilaci\u00f3n siguen en plena actividad y ni siquiera su aspecto es en ocasiones de personas mayores de edad provecta.<\/p>\n<p>\u00bfQu\u00e9 ha ocurrido para que cambiara tanto la percepci\u00f3n de la edad biol\u00f3gica?<\/p>\n<p>En primer lugar, el aumento de la esperanza de vida. En 1900, en Espala la esperanza de vida era de 34 a\u00f1os, sobre todo a causa de la mortalidad infantil. Las esperanza de vida en 2014 era de 80,1 a\u00f1os para los hombres y 85,6 en las mujeres, y sigue aumentando.<\/p>\n<p>Tambi\u00e9n el acceso a las nuevas tecnolog\u00edas influyen. Los ni\u00f1os de hoy tienen el mundo a su alcance con un solo clic, ya no hay un \u00fanico maestro, los est\u00edmulos son m\u00faltiples y tienen un mayor conocimiento del mundo que les rodea, en consecuencia, la ni\u00f1ez se acorta, pues reciben antes la informaci\u00f3n y se hacen m\u00e1s independientes.<\/p>\n<p>La adolescencia y preadolescencia se ha adelantado dos a\u00f1os y medio. Sin embargo, existen actitudes de eternos adolescentes en personas que por edad deber\u00edan obrar como adultos. Todos tenemos en nuestro entorno personas con 30 a\u00f1os que viven en casa de sus padres, en ocasiones dependiendo econ\u00f3micamente de ellos, cuando hace solo unas d\u00e9cadas se hubieran casado con 21 a\u00f1os y ya tendr\u00edan la parejita de hijos. Cierto que hay condicionantes econ\u00f3micos, pero tambi\u00e9n una suerte de inercia social y de comodidad mutua entre las generaciones, cuando no un intento declarado de no dar fin la juventud y no querer asumir responsabilidades.<\/p>\n<p>As\u00ed que, por una parte la ni\u00f1ez y adolescencia se acorta, pero la juventud se alarga, razones externas econ\u00f3micas impiden en muchas ocasiones la entrada en el mercado laboral y la independencia consiguiente, que es el inicio de la edad adulta (\u00bfedad biol\u00f3gica adulta?), pero la sem\u00e1ntica tampoco ayuda con ayudas al empleo juvenil hasta los 30, becas para j\u00f3venes investigadores de 40\u2026 No es que se nieguen esas ayudas, es que igual deber\u00eda llamarse de otra forma.<\/p>\n<p>Se es joven a los 20 a\u00f1os, \u00bfa los 30?, \u00bfa los 35?, parece ser que los propios interesados as\u00ed se consideran y el resto de la sociedad, tambi\u00e9n, de hecho, los periodos de formaci\u00f3n antes de entrar en el \u00e1mbito laboral influyen en la dependencia econ\u00f3mica paterna de manera definitiva durante cada vez m\u00e1s a\u00f1os.<\/p>\n<p>Es fundamental otro dato, el aumento de esperanza de vida. Antes, a principios del siglo pasado, con 50 a\u00f1os, ya se era mayor, se vest\u00eda uno de mayor, ten\u00eda actitudes de mayor y lo cierto era que, siendo razonables, no le quedara mucho de vida y muchos no hab\u00edan conocido a sus abuelos. Ahora los hijos ven a sus padres, a sus abuelos, su actividad, sus aficiones\u2026 e incluso comparten afinidades y gustos, pues las l\u00edneas que marcaban las diferencias de trato y costumbres entre unos y otros, se han diluido.<\/p>\n<p>En el otro extremo, las personas mayores de hoy en una gran parte no son como las de antes. Su alimentaci\u00f3n, su salud, pero sobre todo su cambio de mentalidad que les lleva a aprovechar los a\u00f1os en que ya no trabajan para viajar, tener experiencias, hacer cosas nuevas\u2026, siempre claro que la salud acompa\u00f1e, si hay problemas de deterioro, estamos hablando de otra cosa.<\/p>\n<p>Se considera que alguien llega a persona mayor cuando esta se jubila, pero, es vieja o anciana. Si la esperanza de vida supera los 80 a\u00f1os, en absoluto, hay todav\u00eda varios lustros por delante.<\/p>\n<p>En conclusi\u00f3n, los par\u00e1metros para hablar de edades no son los mismos y con la tecnolog\u00eda y avances en medicina, seguramente en unas d\u00e9cadas volver\u00e1n a cambiar. Hoy quienes antes eran viejos, son j\u00f3venes, o en todo caso, adultos bien conservados.<\/p>\n<p>Es un interesante tema de reflexi\u00f3n, con matices, distintas visiones, recorridos hist\u00f3ricos que permiten conocernos mejor, pensar en c\u00f3mo vemos a los dem\u00e1s y c\u00f3mo nos ven. C\u00f3mo ha cambiado el lenguaje, de asilo pasamos a residencia de ancianos, ahora usamos m\u00e1s residencia de mayores, geri\u00e1trico, hablamos de viviendas en comunidades para personas jubiladas, todo un mundo que no se parece en nada al que conocieron nuestros bisabuelos o abuelos, con personas que a la edad en la que ellos se reclu\u00edan, eran un estorbo cuando no una carga, ahora se plantean que una nueva y emocionante parte de su vida empieza.<\/p>\n<p>Proponemos un ejercicio, \u00bfc\u00f3mo me considero yo un adulto, una persona de la tercera edad, un anciano?, \u00bfc\u00f3mo veo a los dem\u00e1s?, \u00bfme pasa eso de reunirme con mis compa\u00f1eros de promoci\u00f3n y pensar en lo mayores que est\u00e1n sin verme a m\u00ed mismo como ellos seguramente me ver\u00e1n?, \u00bfrecuerdo lo que hac\u00eda mi abuelo y es lo mismo que lo que hace mi padre cuando ten\u00eda su edad? \u00bfLa edad biol\u00f3gica es lo que era, o las medidas cronol\u00f3gicas no valen y tenemos que buscar otras?<\/p>\n","protected":false},"excerpt":{"rendered":"<p>La edad biol\u00f3gica pierde peso frente a la edad coronol\u00f3gica, o sea el tiempo que ha pasado desde el d\u00eda de nuestro nacimiento. Recientemente has salido algunos art\u00edculos en prensa que tratan acerca de que los par\u00e1metros que antes se utilizaba para definir la juventud y la vejez ya no resultan v\u00e1lidos. La transformaci\u00f3n de la sociedad en los \u00faltimos 50 a\u00f1os ha sido de tal magnitud que las fronteras se diluyen y no se tienen respuestas claras. Se es ni\u00f1o menos tiempo, preadolescencia y adolescencia se funden, solemos o\u00edr en las noticias: \u00abUn joven de 40 a\u00f1os\u2026\u00bb, algo chocante, pero que seguro que a la gente de esa edad le sienta muy bien. Los par\u00e1metros que usamos hoy ser\u00edan muy chocantes para nuestros abuelos, decimos cuando alguien fallece a los 70 a\u00f1os: \u00abPues no era tan mayor\u00bb, nadie llamar\u00eda anciano a algunos mandatarios, aunque superen la setentena con amplitud, [&hellip;]<\/p>\n","protected":false},"author":2,"featured_media":934,"comment_status":"open","ping_status":"open","sticky":false,"template":"","format":"standard","meta":{"footnotes":""},"categories":[14],"tags":[],"yoast_head":"<!-- This site is optimized with the Yoast SEO plugin v21.7 - https:\/\/yoast.com\/wordpress\/plugins\/seo\/ -->\n<title>La edad biol\u00f3gica ya no es lo que era - Blog Inforesidencias.com<\/title>\n<meta name=\"description\" content=\"La tecnolog\u00eda, las formas de convivencia y otros aspectos han hecho variar mucho la forma de entender la edad biol\u00f3gica.\" \/>\n<meta name=\"robots\" content=\"index, follow, max-snippet:-1, max-image-preview:large, max-video-preview:-1\" \/>\n<link rel=\"canonical\" href=\"https:\/\/www.inforesidencias.com\/blog\/index.php\/2017\/01\/08\/la-edad-biologica-ya-no-es-lo-que-era\/\" \/>\n<meta property=\"og:locale\" content=\"es_ES\" \/>\n<meta property=\"og:type\" content=\"article\" \/>\n<meta property=\"og:title\" content=\"La edad biol\u00f3gica ya no es lo que era - Blog Inforesidencias.com\" \/>\n<meta property=\"og:description\" content=\"La tecnolog\u00eda, las formas de convivencia y otros aspectos han hecho variar mucho la forma de entender la edad biol\u00f3gica.\" \/>\n<meta property=\"og:url\" content=\"https:\/\/www.inforesidencias.com\/blog\/index.php\/2017\/01\/08\/la-edad-biologica-ya-no-es-lo-que-era\/\" \/>\n<meta property=\"og:site_name\" content=\"Blog Inforesidencias.com\" \/>\n<meta property=\"article:publisher\" content=\"https:\/\/www.facebook.com\/Inforesidencias\/\" \/>\n<meta property=\"article:author\" content=\"https:\/\/www.facebook.com\/josep.demarti\" \/>\n<meta property=\"article:published_time\" content=\"2017-01-08T22:14:11+00:00\" \/>\n<meta property=\"article:modified_time\" content=\"2017-01-08T22:18:22+00:00\" \/>\n<meta property=\"og:image\" content=\"https:\/\/www.inforesidencias.com\/blog\/wp-content\/uploads\/2017\/01\/edad-biologica.jpg\" \/>\n\t<meta property=\"og:image:width\" content=\"450\" \/>\n\t<meta property=\"og:image:height\" content=\"300\" \/>\n\t<meta property=\"og:image:type\" content=\"image\/jpeg\" \/>\n<meta name=\"author\" content=\"Josep de Mart\u00ed\" \/>\n<meta name=\"twitter:card\" content=\"summary_large_image\" \/>\n<meta name=\"twitter:creator\" content=\"@blog-ir\" \/>\n<meta name=\"twitter:site\" content=\"@inforesidencias\" \/>\n<meta name=\"twitter:label1\" content=\"Escrito por\" \/>\n\t<meta name=\"twitter:data1\" content=\"Josep de Mart\u00ed\" \/>\n\t<meta name=\"twitter:label2\" content=\"Tiempo de lectura\" \/>\n\t<meta name=\"twitter:data2\" content=\"5 minutos\" \/>\n<script type=\"application\/ld+json\" class=\"yoast-schema-graph\">{\"@context\":\"https:\/\/schema.org\",\"@graph\":[{\"@type\":\"WebPage\",\"@id\":\"https:\/\/www.inforesidencias.com\/blog\/index.php\/2017\/01\/08\/la-edad-biologica-ya-no-es-lo-que-era\/\",\"url\":\"https:\/\/www.inforesidencias.com\/blog\/index.php\/2017\/01\/08\/la-edad-biologica-ya-no-es-lo-que-era\/\",\"name\":\"La edad biol\u00f3gica ya no es lo que era - Blog Inforesidencias.com\",\"isPartOf\":{\"@id\":\"https:\/\/www.inforesidencias.com\/blog\/#website\"},\"datePublished\":\"2017-01-08T22:14:11+00:00\",\"dateModified\":\"2017-01-08T22:18:22+00:00\",\"author\":{\"@id\":\"https:\/\/www.inforesidencias.com\/blog\/#\/schema\/person\/9e146774d1eb3bc1c0316242a3898628\"},\"description\":\"La tecnolog\u00eda, las formas de convivencia y otros aspectos han hecho variar mucho la forma de entender la edad biol\u00f3gica.\",\"breadcrumb\":{\"@id\":\"https:\/\/www.inforesidencias.com\/blog\/index.php\/2017\/01\/08\/la-edad-biologica-ya-no-es-lo-que-era\/#breadcrumb\"},\"inLanguage\":\"es\",\"potentialAction\":[{\"@type\":\"ReadAction\",\"target\":[\"https:\/\/www.inforesidencias.com\/blog\/index.php\/2017\/01\/08\/la-edad-biologica-ya-no-es-lo-que-era\/\"]}]},{\"@type\":\"BreadcrumbList\",\"@id\":\"https:\/\/www.inforesidencias.com\/blog\/index.php\/2017\/01\/08\/la-edad-biologica-ya-no-es-lo-que-era\/#breadcrumb\",\"itemListElement\":[{\"@type\":\"ListItem\",\"position\":1,\"name\":\"Home\",\"item\":\"https:\/\/www.inforesidencias.com\/blog\/\"},{\"@type\":\"ListItem\",\"position\":2,\"name\":\"La edad biol\u00f3gica ya no es lo que era\"}]},{\"@type\":\"WebSite\",\"@id\":\"https:\/\/www.inforesidencias.com\/blog\/#website\",\"url\":\"https:\/\/www.inforesidencias.com\/blog\/\",\"name\":\"Blog Inforesidencias.com\",\"description\":\"El buscador de residencias de la 3\u00aa edad\",\"potentialAction\":[{\"@type\":\"SearchAction\",\"target\":{\"@type\":\"EntryPoint\",\"urlTemplate\":\"https:\/\/www.inforesidencias.com\/blog\/?s={search_term_string}\"},\"query-input\":\"required name=search_term_string\"}],\"inLanguage\":\"es\"},{\"@type\":\"Person\",\"@id\":\"https:\/\/www.inforesidencias.com\/blog\/#\/schema\/person\/9e146774d1eb3bc1c0316242a3898628\",\"name\":\"Josep de Mart\u00ed\",\"image\":{\"@type\":\"ImageObject\",\"inLanguage\":\"es\",\"@id\":\"https:\/\/www.inforesidencias.com\/blog\/#\/schema\/person\/image\/\",\"url\":\"https:\/\/secure.gravatar.com\/avatar\/de0302c4806c00c4cebff396a798c1ff?s=96&d=mm&r=g\",\"contentUrl\":\"https:\/\/secure.gravatar.com\/avatar\/de0302c4806c00c4cebff396a798c1ff?s=96&d=mm&r=g\",\"caption\":\"Josep de Mart\u00ed\"},\"sameAs\":[\"https:\/\/www.inforesidencias.com\",\"https:\/\/www.facebook.com\/josep.demarti\",\"https:\/\/twitter.com\/blog-ir\"],\"url\":\"https:\/\/www.inforesidencias.com\/blog\/index.php\/author\/josepdemarti\/\"}]}<\/script>\n<!-- \/ Yoast SEO plugin. -->","yoast_head_json":{"title":"La edad biol\u00f3gica ya no es lo que era - Blog Inforesidencias.com","description":"La tecnolog\u00eda, las formas de convivencia y otros aspectos han hecho variar mucho la forma de entender la edad biol\u00f3gica.","robots":{"index":"index","follow":"follow","max-snippet":"max-snippet:-1","max-image-preview":"max-image-preview:large","max-video-preview":"max-video-preview:-1"},"canonical":"https:\/\/www.inforesidencias.com\/blog\/index.php\/2017\/01\/08\/la-edad-biologica-ya-no-es-lo-que-era\/","og_locale":"es_ES","og_type":"article","og_title":"La edad biol\u00f3gica ya no es lo que era - Blog Inforesidencias.com","og_description":"La tecnolog\u00eda, las formas de convivencia y otros aspectos han hecho variar mucho la forma de entender la edad biol\u00f3gica.","og_url":"https:\/\/www.inforesidencias.com\/blog\/index.php\/2017\/01\/08\/la-edad-biologica-ya-no-es-lo-que-era\/","og_site_name":"Blog Inforesidencias.com","article_publisher":"https:\/\/www.facebook.com\/Inforesidencias\/","article_author":"https:\/\/www.facebook.com\/josep.demarti","article_published_time":"2017-01-08T22:14:11+00:00","article_modified_time":"2017-01-08T22:18:22+00:00","og_image":[{"width":450,"height":300,"url":"https:\/\/www.inforesidencias.com\/blog\/wp-content\/uploads\/2017\/01\/edad-biologica.jpg","type":"image\/jpeg"}],"author":"Josep de Mart\u00ed","twitter_card":"summary_large_image","twitter_creator":"@blog-ir","twitter_site":"@inforesidencias","twitter_misc":{"Escrito por":"Josep de Mart\u00ed","Tiempo de lectura":"5 minutos"},"schema":{"@context":"https:\/\/schema.org","@graph":[{"@type":"WebPage","@id":"https:\/\/www.inforesidencias.com\/blog\/index.php\/2017\/01\/08\/la-edad-biologica-ya-no-es-lo-que-era\/","url":"https:\/\/www.inforesidencias.com\/blog\/index.php\/2017\/01\/08\/la-edad-biologica-ya-no-es-lo-que-era\/","name":"La edad biol\u00f3gica ya no es lo que era - Blog Inforesidencias.com","isPartOf":{"@id":"https:\/\/www.inforesidencias.com\/blog\/#website"},"datePublished":"2017-01-08T22:14:11+00:00","dateModified":"2017-01-08T22:18:22+00:00","author":{"@id":"https:\/\/www.inforesidencias.com\/blog\/#\/schema\/person\/9e146774d1eb3bc1c0316242a3898628"},"description":"La tecnolog\u00eda, las formas de convivencia y otros aspectos han hecho variar mucho la forma de entender la edad biol\u00f3gica.","breadcrumb":{"@id":"https:\/\/www.inforesidencias.com\/blog\/index.php\/2017\/01\/08\/la-edad-biologica-ya-no-es-lo-que-era\/#breadcrumb"},"inLanguage":"es","potentialAction":[{"@type":"ReadAction","target":["https:\/\/www.inforesidencias.com\/blog\/index.php\/2017\/01\/08\/la-edad-biologica-ya-no-es-lo-que-era\/"]}]},{"@type":"BreadcrumbList","@id":"https:\/\/www.inforesidencias.com\/blog\/index.php\/2017\/01\/08\/la-edad-biologica-ya-no-es-lo-que-era\/#breadcrumb","itemListElement":[{"@type":"ListItem","position":1,"name":"Home","item":"https:\/\/www.inforesidencias.com\/blog\/"},{"@type":"ListItem","position":2,"name":"La edad biol\u00f3gica ya no es lo que era"}]},{"@type":"WebSite","@id":"https:\/\/www.inforesidencias.com\/blog\/#website","url":"https:\/\/www.inforesidencias.com\/blog\/","name":"Blog Inforesidencias.com","description":"El buscador de residencias de la 3\u00aa edad","potentialAction":[{"@type":"SearchAction","target":{"@type":"EntryPoint","urlTemplate":"https:\/\/www.inforesidencias.com\/blog\/?s={search_term_string}"},"query-input":"required name=search_term_string"}],"inLanguage":"es"},{"@type":"Person","@id":"https:\/\/www.inforesidencias.com\/blog\/#\/schema\/person\/9e146774d1eb3bc1c0316242a3898628","name":"Josep de Mart\u00ed","image":{"@type":"ImageObject","inLanguage":"es","@id":"https:\/\/www.inforesidencias.com\/blog\/#\/schema\/person\/image\/","url":"https:\/\/secure.gravatar.com\/avatar\/de0302c4806c00c4cebff396a798c1ff?s=96&d=mm&r=g","contentUrl":"https:\/\/secure.gravatar.com\/avatar\/de0302c4806c00c4cebff396a798c1ff?s=96&d=mm&r=g","caption":"Josep de Mart\u00ed"},"sameAs":["https:\/\/www.inforesidencias.com","https:\/\/www.facebook.com\/josep.demarti","https:\/\/twitter.com\/blog-ir"],"url":"https:\/\/www.inforesidencias.com\/blog\/index.php\/author\/josepdemarti\/"}]}},"_links":{"self":[{"href":"https:\/\/www.inforesidencias.com\/blog\/index.php\/wp-json\/wp\/v2\/posts\/932"}],"collection":[{"href":"https:\/\/www.inforesidencias.com\/blog\/index.php\/wp-json\/wp\/v2\/posts"}],"about":[{"href":"https:\/\/www.inforesidencias.com\/blog\/index.php\/wp-json\/wp\/v2\/types\/post"}],"author":[{"embeddable":true,"href":"https:\/\/www.inforesidencias.com\/blog\/index.php\/wp-json\/wp\/v2\/users\/2"}],"replies":[{"embeddable":true,"href":"https:\/\/www.inforesidencias.com\/blog\/index.php\/wp-json\/wp\/v2\/comments?post=932"}],"version-history":[{"count":3,"href":"https:\/\/www.inforesidencias.com\/blog\/index.php\/wp-json\/wp\/v2\/posts\/932\/revisions"}],"predecessor-version":[{"id":936,"href":"https:\/\/www.inforesidencias.com\/blog\/index.php\/wp-json\/wp\/v2\/posts\/932\/revisions\/936"}],"wp:featuredmedia":[{"embeddable":true,"href":"https:\/\/www.inforesidencias.com\/blog\/index.php\/wp-json\/wp\/v2\/media\/934"}],"wp:attachment":[{"href":"https:\/\/www.inforesidencias.com\/blog\/index.php\/wp-json\/wp\/v2\/media?parent=932"}],"wp:term":[{"taxonomy":"category","embeddable":true,"href":"https:\/\/www.inforesidencias.com\/blog\/index.php\/wp-json\/wp\/v2\/categories?post=932"},{"taxonomy":"post_tag","embeddable":true,"href":"https:\/\/www.inforesidencias.com\/blog\/index.php\/wp-json\/wp\/v2\/tags?post=932"}],"curies":[{"name":"wp","href":"https:\/\/api.w.org\/{rel}","templated":true}]}}