{"id":942,"date":"2017-03-02T09:37:24","date_gmt":"2017-03-02T09:37:24","guid":{"rendered":"https:\/\/www.inforesidencias.com\/blog\/?p=942"},"modified":"2017-02-02T12:31:38","modified_gmt":"2017-02-02T12:31:38","slug":"vida-en-una-residencia","status":"publish","type":"post","link":"https:\/\/www.inforesidencias.com\/blog\/index.php\/2017\/03\/02\/vida-en-una-residencia\/","title":{"rendered":"Relato sobre la vida en una residencia: Clases magistrales"},"content":{"rendered":"<p>Clases magistrales. La <strong>vida en una residencia<\/strong> de mayores.<\/p>\n<p>Do\u00f1a Pilar, la vieja profesora que durante toda su vida se hab\u00eda dedicado a ense\u00f1ar y educar a tantos y tantos ni\u00f1os de otras tantas generaciones, estaba feliz con la decisi\u00f3n que hab\u00eda tomado unos meses atr\u00e1s: poder seguir con su tan amado papel de maestra, ahora ya no de ni\u00f1os, sino de coet\u00e1neos, sus compa\u00f1eros de la residencia.<\/p>\n<div id=\"attachment_946\" style=\"width: 460px\" class=\"wp-caption alignleft\"><a href=\"https:\/\/www.inforesidencias.com\/blog\/wp-content\/uploads\/2017\/01\/residencia.jpg\"><img aria-describedby=\"caption-attachment-946\" decoding=\"async\" loading=\"lazy\" class=\"size-full wp-image-946\" src=\"https:\/\/www.inforesidencias.com\/blog\/wp-content\/uploads\/2017\/01\/residencia.jpg\" alt=\"Relato corto sobre la vida en una residencia de mayores\" width=\"450\" height=\"300\" \/><\/a><p id=\"caption-attachment-946\" class=\"wp-caption-text\">Relato corto sobre la vida en una residencia de mayores<\/p><\/div>\n<p>M\u00e1s que maestra, pas\u00f3 a convertirse en coordinadora o moderadora de clases con un alumnado tan especial como las disciplinas que se impart\u00edan: que se hablaba de Historia, ah\u00ed estaban los relatos de Agust\u00edn, que tuvo que emigrar del campo a la ciudad cuando los a\u00f1os y las cosechas no vinieron bien dados y fue testigo del cambio brutal de los tiempos y las estilos de vida; o Carmen, que hizo el viaje contrario, de la ciudad al pueblo, tras sufrir un desenga\u00f1o amoroso con poco deseadas consecuencias para ella, que dejaban traslucir el devenir, en este caso para bien, de las costumbres. Que tocaba Matem\u00e1ticas, pues se prestaba Lucio, que hab\u00eda sido pescadero toda su vida, para hacer saber a los dem\u00e1s c\u00f3mo se las apa\u00f1aba para echar sus cuentas y que todo le cuadrara, \u00aby sin haber pisado una escuela, pero la fuerza obligaba. O te aplicabas o te aplicaban\u00bb, dec\u00eda mientras explicaba, con la ayuda de do\u00f1a Pilar, las cuatro reglas. Si Geograf\u00eda, Germ\u00e1n, viajante hasta que se jubil\u00f3, que daba pelos y se\u00f1ales de todos los lugares que hab\u00eda visitado, que fueron muchos en cuarenta a\u00f1os de profesi\u00f3n, los situaba en un mapa y hac\u00eda que los dem\u00e1s tambi\u00e9n intentaran localizar aquellas ciudades que iba dejando caer. Y si Lengua, don Enrique, que hab\u00eda sido, bueno, era, sacerdote; \u00e9l bromeaba diciendo \u00ablos curas nunca nos jubilamos, no s\u00e9 si gracias a Dios o a qu\u00e9\u00bb y\u00a0 cual homil\u00eda dominical, empezaba a hablar con su perfecto castellano aprendido en el seminario y a base de muchos sermones y, de vez en cuando, aclaraba la etimolog\u00eda latina o griega alguna palabra.<\/p>\n<p>Todos escuchaban en silencio y atentos a sus compa\u00f1eros. De vez en cuando se o\u00eda un \u00abyo tambi\u00e9n tuve que salir de casa\u00bb o un \u00ab\u00a1anda que no me cost\u00f3 nada a m\u00ed aprender la divisi\u00f3n\u00bb, entre alg\u00fan \u00ab\u00a1pero si yo viv\u00eda all\u00ed por aquel entonces, Germ\u00e1n! \u00a1Que a lo mejor nos cruzamos y todo!\u00bb.<\/p>\n<p>Cuando a Pepita, que hab\u00eda sido peluquera desde los diecisiete a\u00f1os, le lleg\u00f3 el turno de dar su clase magistral el d\u00eda que tocaba impartir la clase de Sociales (nadie como ella conoc\u00eda los vaivenes de las modas), la ilustr\u00f3 hablando de su nieta: \u00abViene a verme mi ni\u00f1a el otro d\u00eda, bueno, y todos los que viene, y no levanta la cabeza de los <i>aparatejos<\/i> esos del demonio, con perd\u00f3n, don Enrique, todo el rato jugando a juntar redondeles y cuadrados que luego explotan, o escribi\u00e9ndose con amigos, me dice que hace. Y yo le digo que viene a verme a m\u00ed, a tomarse un chocolatito para merendar y que habla m\u00e1s con la pantalla del cacharro ese que conmigo o sus padres, que nos tiene al lado. \u00a1Y solo tiene once a\u00f1os! Ya el otro d\u00eda le pregunt\u00e9 a Julio, mi hijo, su padre, que a qu\u00e9 jugaba en casa y va y me dice que con la <i>pleistesion<\/i>, que luego me he enterado que es otra m\u00e1quina, pero m\u00e1s grande, donde salen marcianos y muertos que no est\u00e1n muertos, pero s\u00ed medio podridos, y que andan y que se quieren comer a los vivos de verdad y vete t\u00fa a saber qu\u00e9 cosas m\u00e1s. No me dir\u00e1 usted, se\u00f1or cura, que esto es normal. Bueno, pues ayer le pregunto a Lourditas, que as\u00ed se llama mi nieta, que por qu\u00e9 no salimos al jard\u00edn un rato y echamos una rayuela. Y que qu\u00e9 es eso, me pregunta. Se lo explico y dice que no sabe. \u00bfY a la <i>goma<\/i>? \u00bfLa goma?, me pregunta. \u00abLa<i>\u00bb<\/i> empiezo a hablar del brul\u00e9, de la gallina ciega, de las cuatro esquinas, el calienta-manos, la billarda, las chapas, las tabas\u2026 \u00bfY os quer\u00e9is creer que no sab\u00eda jugar a ninguno? Para m\u00e1s inri, hab\u00eda algunos de los que ni siquiera hab\u00eda o\u00eddo hablar en su vida. \u00bfEntonces qu\u00e9 haces t\u00fa, criatura de dios, todo el d\u00eda? Con la <i>plei<\/i>, abu, me dice, que por lo visto, es la misma m\u00e1quina que me hab\u00eda mentado su padre, y con el <i>guas\u00e1<\/i>, que es cuando escribe con el tel\u00e9fono, \u00a1ah!, y con el <i>feisbu<\/i>, o algo as\u00ed, me dijo, que vaya nombrecitos que les ponen a esos enredos. Pues esto no puede seguir as\u00ed, me plant\u00e9 y le dije, tienes que aprender a jugar como dios manda, como se ha hecho toda la vida, con gente, no con m\u00e1quinas, que no digo yo que sea malo, cari\u00f1o, que no es eso, pero se pueden hacer las dos cosas. Y ver\u00e1s que ni punto de comparaci\u00f3n. Pues cog\u00ed hace un par de semanas, bueno, ya me visteis algunos en el patio con ella, y le ped\u00ed al jardinero dos o tres c\u00e1maras de ruedas de bicicleta que me dijo que ten\u00eda pinchadas y sin arreglo, las empalm\u00e9, hice una comba, la at\u00e9 al \u00e1rbol que hay al lado del portal y a las dos farolas que hay cerca y nos pusimos a jugar al tri\u00e1ngulo con la goma. Bueno, pues no os pod\u00e9is imaginar c\u00f3mo disfrut\u00f3. Desde ese d\u00eda ha venido ya varias veces y ni se trae el cacharro. Quiere que le ense\u00f1e otros juegos para ir con sus amigas del barrio. Y, adem\u00e1s, me pide que le cuente cuentos de los de antes, me dice mi ni\u00f1a, que solo sabe cantar canciones y <i>dibus<\/i> de la tele. Pues as\u00ed que fijaros si tenemos aqu\u00ed un buen fil\u00f3n para ampliar nuestra escuela unos, nosotros, para disfrutar de lo no aprendido y otros, nuestros ni\u00f1os, para aprender de lo que no conocen y no han disfrutado. \u00bfQu\u00e9 os parece? \u00bfY a ti, Pilar?\u00bb le pregunt\u00f3 a su maestra y le gui\u00f1\u00f3 un ojo\u2026<\/p>\n<p>Pero bueno, esto es otra historia sobre la vida en una residencia.<\/p>\n","protected":false},"excerpt":{"rendered":"<p>Clases magistrales. La vida en una residencia de mayores. Do\u00f1a Pilar, la vieja profesora que durante toda su vida se hab\u00eda dedicado a ense\u00f1ar y educar a tantos y tantos ni\u00f1os de otras tantas generaciones, estaba feliz con la decisi\u00f3n que hab\u00eda tomado unos meses atr\u00e1s: poder seguir con su tan amado papel de maestra, ahora ya no de ni\u00f1os, sino de coet\u00e1neos, sus compa\u00f1eros de la residencia. M\u00e1s que maestra, pas\u00f3 a convertirse en coordinadora o moderadora de clases con un alumnado tan especial como las disciplinas que se impart\u00edan: que se hablaba de Historia, ah\u00ed estaban los relatos de Agust\u00edn, que tuvo que emigrar del campo a la ciudad cuando los a\u00f1os y las cosechas no vinieron bien dados y fue testigo del cambio brutal de los tiempos y las estilos de vida; o Carmen, que hizo el viaje contrario, de la ciudad al pueblo, tras sufrir un [&hellip;]<\/p>\n","protected":false},"author":2,"featured_media":946,"comment_status":"open","ping_status":"open","sticky":false,"template":"","format":"standard","meta":{"footnotes":""},"categories":[3,5],"tags":[],"yoast_head":"<!-- This site is optimized with the Yoast SEO plugin v21.7 - https:\/\/yoast.com\/wordpress\/plugins\/seo\/ -->\n<title>Relato sobre la vida en una residencia: Clases magistrales - Blog Inforesidencias.com<\/title>\n<meta name=\"description\" content=\"Una historia sobre la vida en una residencia de mayores.\" \/>\n<meta name=\"robots\" content=\"index, follow, max-snippet:-1, max-image-preview:large, max-video-preview:-1\" \/>\n<link rel=\"canonical\" href=\"https:\/\/www.inforesidencias.com\/blog\/index.php\/2017\/03\/02\/vida-en-una-residencia\/\" \/>\n<meta property=\"og:locale\" content=\"es_ES\" \/>\n<meta property=\"og:type\" content=\"article\" \/>\n<meta property=\"og:title\" content=\"Relato sobre la vida en una residencia: Clases magistrales - Blog Inforesidencias.com\" \/>\n<meta property=\"og:description\" content=\"Una historia sobre la vida en una residencia de mayores.\" \/>\n<meta property=\"og:url\" content=\"https:\/\/www.inforesidencias.com\/blog\/index.php\/2017\/03\/02\/vida-en-una-residencia\/\" \/>\n<meta property=\"og:site_name\" content=\"Blog Inforesidencias.com\" \/>\n<meta property=\"article:publisher\" content=\"https:\/\/www.facebook.com\/Inforesidencias\/\" \/>\n<meta property=\"article:author\" content=\"https:\/\/www.facebook.com\/josep.demarti\" \/>\n<meta property=\"article:published_time\" content=\"2017-03-02T09:37:24+00:00\" \/>\n<meta property=\"article:modified_time\" content=\"2017-02-02T12:31:38+00:00\" \/>\n<meta property=\"og:image\" content=\"https:\/\/www.inforesidencias.com\/blog\/wp-content\/uploads\/2017\/01\/residencia.jpg\" \/>\n\t<meta property=\"og:image:width\" content=\"450\" \/>\n\t<meta property=\"og:image:height\" content=\"300\" \/>\n\t<meta property=\"og:image:type\" content=\"image\/jpeg\" \/>\n<meta name=\"author\" content=\"Josep de Mart\u00ed\" \/>\n<meta name=\"twitter:card\" content=\"summary_large_image\" \/>\n<meta name=\"twitter:creator\" content=\"@blog-ir\" \/>\n<meta name=\"twitter:site\" content=\"@inforesidencias\" \/>\n<meta name=\"twitter:label1\" content=\"Escrito por\" \/>\n\t<meta name=\"twitter:data1\" content=\"Josep de Mart\u00ed\" \/>\n\t<meta name=\"twitter:label2\" content=\"Tiempo de lectura\" \/>\n\t<meta name=\"twitter:data2\" content=\"6 minutos\" \/>\n<script type=\"application\/ld+json\" class=\"yoast-schema-graph\">{\"@context\":\"https:\/\/schema.org\",\"@graph\":[{\"@type\":\"WebPage\",\"@id\":\"https:\/\/www.inforesidencias.com\/blog\/index.php\/2017\/03\/02\/vida-en-una-residencia\/\",\"url\":\"https:\/\/www.inforesidencias.com\/blog\/index.php\/2017\/03\/02\/vida-en-una-residencia\/\",\"name\":\"Relato sobre la vida en una residencia: Clases magistrales - Blog Inforesidencias.com\",\"isPartOf\":{\"@id\":\"https:\/\/www.inforesidencias.com\/blog\/#website\"},\"datePublished\":\"2017-03-02T09:37:24+00:00\",\"dateModified\":\"2017-02-02T12:31:38+00:00\",\"author\":{\"@id\":\"https:\/\/www.inforesidencias.com\/blog\/#\/schema\/person\/9e146774d1eb3bc1c0316242a3898628\"},\"description\":\"Una historia sobre la vida en una residencia de mayores.\",\"breadcrumb\":{\"@id\":\"https:\/\/www.inforesidencias.com\/blog\/index.php\/2017\/03\/02\/vida-en-una-residencia\/#breadcrumb\"},\"inLanguage\":\"es\",\"potentialAction\":[{\"@type\":\"ReadAction\",\"target\":[\"https:\/\/www.inforesidencias.com\/blog\/index.php\/2017\/03\/02\/vida-en-una-residencia\/\"]}]},{\"@type\":\"BreadcrumbList\",\"@id\":\"https:\/\/www.inforesidencias.com\/blog\/index.php\/2017\/03\/02\/vida-en-una-residencia\/#breadcrumb\",\"itemListElement\":[{\"@type\":\"ListItem\",\"position\":1,\"name\":\"Home\",\"item\":\"https:\/\/www.inforesidencias.com\/blog\/\"},{\"@type\":\"ListItem\",\"position\":2,\"name\":\"Relato sobre la vida en una residencia: Clases magistrales\"}]},{\"@type\":\"WebSite\",\"@id\":\"https:\/\/www.inforesidencias.com\/blog\/#website\",\"url\":\"https:\/\/www.inforesidencias.com\/blog\/\",\"name\":\"Blog Inforesidencias.com\",\"description\":\"El buscador de residencias de la 3\u00aa edad\",\"potentialAction\":[{\"@type\":\"SearchAction\",\"target\":{\"@type\":\"EntryPoint\",\"urlTemplate\":\"https:\/\/www.inforesidencias.com\/blog\/?s={search_term_string}\"},\"query-input\":\"required name=search_term_string\"}],\"inLanguage\":\"es\"},{\"@type\":\"Person\",\"@id\":\"https:\/\/www.inforesidencias.com\/blog\/#\/schema\/person\/9e146774d1eb3bc1c0316242a3898628\",\"name\":\"Josep de Mart\u00ed\",\"image\":{\"@type\":\"ImageObject\",\"inLanguage\":\"es\",\"@id\":\"https:\/\/www.inforesidencias.com\/blog\/#\/schema\/person\/image\/\",\"url\":\"https:\/\/secure.gravatar.com\/avatar\/de0302c4806c00c4cebff396a798c1ff?s=96&d=mm&r=g\",\"contentUrl\":\"https:\/\/secure.gravatar.com\/avatar\/de0302c4806c00c4cebff396a798c1ff?s=96&d=mm&r=g\",\"caption\":\"Josep de Mart\u00ed\"},\"sameAs\":[\"https:\/\/www.inforesidencias.com\",\"https:\/\/www.facebook.com\/josep.demarti\",\"https:\/\/twitter.com\/blog-ir\"],\"url\":\"https:\/\/www.inforesidencias.com\/blog\/index.php\/author\/josepdemarti\/\"}]}<\/script>\n<!-- \/ Yoast SEO plugin. -->","yoast_head_json":{"title":"Relato sobre la vida en una residencia: Clases magistrales - Blog Inforesidencias.com","description":"Una historia sobre la vida en una residencia de mayores.","robots":{"index":"index","follow":"follow","max-snippet":"max-snippet:-1","max-image-preview":"max-image-preview:large","max-video-preview":"max-video-preview:-1"},"canonical":"https:\/\/www.inforesidencias.com\/blog\/index.php\/2017\/03\/02\/vida-en-una-residencia\/","og_locale":"es_ES","og_type":"article","og_title":"Relato sobre la vida en una residencia: Clases magistrales - Blog Inforesidencias.com","og_description":"Una historia sobre la vida en una residencia de mayores.","og_url":"https:\/\/www.inforesidencias.com\/blog\/index.php\/2017\/03\/02\/vida-en-una-residencia\/","og_site_name":"Blog Inforesidencias.com","article_publisher":"https:\/\/www.facebook.com\/Inforesidencias\/","article_author":"https:\/\/www.facebook.com\/josep.demarti","article_published_time":"2017-03-02T09:37:24+00:00","article_modified_time":"2017-02-02T12:31:38+00:00","og_image":[{"width":450,"height":300,"url":"https:\/\/www.inforesidencias.com\/blog\/wp-content\/uploads\/2017\/01\/residencia.jpg","type":"image\/jpeg"}],"author":"Josep de Mart\u00ed","twitter_card":"summary_large_image","twitter_creator":"@blog-ir","twitter_site":"@inforesidencias","twitter_misc":{"Escrito por":"Josep de Mart\u00ed","Tiempo de lectura":"6 minutos"},"schema":{"@context":"https:\/\/schema.org","@graph":[{"@type":"WebPage","@id":"https:\/\/www.inforesidencias.com\/blog\/index.php\/2017\/03\/02\/vida-en-una-residencia\/","url":"https:\/\/www.inforesidencias.com\/blog\/index.php\/2017\/03\/02\/vida-en-una-residencia\/","name":"Relato sobre la vida en una residencia: Clases magistrales - Blog Inforesidencias.com","isPartOf":{"@id":"https:\/\/www.inforesidencias.com\/blog\/#website"},"datePublished":"2017-03-02T09:37:24+00:00","dateModified":"2017-02-02T12:31:38+00:00","author":{"@id":"https:\/\/www.inforesidencias.com\/blog\/#\/schema\/person\/9e146774d1eb3bc1c0316242a3898628"},"description":"Una historia sobre la vida en una residencia de mayores.","breadcrumb":{"@id":"https:\/\/www.inforesidencias.com\/blog\/index.php\/2017\/03\/02\/vida-en-una-residencia\/#breadcrumb"},"inLanguage":"es","potentialAction":[{"@type":"ReadAction","target":["https:\/\/www.inforesidencias.com\/blog\/index.php\/2017\/03\/02\/vida-en-una-residencia\/"]}]},{"@type":"BreadcrumbList","@id":"https:\/\/www.inforesidencias.com\/blog\/index.php\/2017\/03\/02\/vida-en-una-residencia\/#breadcrumb","itemListElement":[{"@type":"ListItem","position":1,"name":"Home","item":"https:\/\/www.inforesidencias.com\/blog\/"},{"@type":"ListItem","position":2,"name":"Relato sobre la vida en una residencia: Clases magistrales"}]},{"@type":"WebSite","@id":"https:\/\/www.inforesidencias.com\/blog\/#website","url":"https:\/\/www.inforesidencias.com\/blog\/","name":"Blog Inforesidencias.com","description":"El buscador de residencias de la 3\u00aa edad","potentialAction":[{"@type":"SearchAction","target":{"@type":"EntryPoint","urlTemplate":"https:\/\/www.inforesidencias.com\/blog\/?s={search_term_string}"},"query-input":"required name=search_term_string"}],"inLanguage":"es"},{"@type":"Person","@id":"https:\/\/www.inforesidencias.com\/blog\/#\/schema\/person\/9e146774d1eb3bc1c0316242a3898628","name":"Josep de Mart\u00ed","image":{"@type":"ImageObject","inLanguage":"es","@id":"https:\/\/www.inforesidencias.com\/blog\/#\/schema\/person\/image\/","url":"https:\/\/secure.gravatar.com\/avatar\/de0302c4806c00c4cebff396a798c1ff?s=96&d=mm&r=g","contentUrl":"https:\/\/secure.gravatar.com\/avatar\/de0302c4806c00c4cebff396a798c1ff?s=96&d=mm&r=g","caption":"Josep de Mart\u00ed"},"sameAs":["https:\/\/www.inforesidencias.com","https:\/\/www.facebook.com\/josep.demarti","https:\/\/twitter.com\/blog-ir"],"url":"https:\/\/www.inforesidencias.com\/blog\/index.php\/author\/josepdemarti\/"}]}},"_links":{"self":[{"href":"https:\/\/www.inforesidencias.com\/blog\/index.php\/wp-json\/wp\/v2\/posts\/942"}],"collection":[{"href":"https:\/\/www.inforesidencias.com\/blog\/index.php\/wp-json\/wp\/v2\/posts"}],"about":[{"href":"https:\/\/www.inforesidencias.com\/blog\/index.php\/wp-json\/wp\/v2\/types\/post"}],"author":[{"embeddable":true,"href":"https:\/\/www.inforesidencias.com\/blog\/index.php\/wp-json\/wp\/v2\/users\/2"}],"replies":[{"embeddable":true,"href":"https:\/\/www.inforesidencias.com\/blog\/index.php\/wp-json\/wp\/v2\/comments?post=942"}],"version-history":[{"count":4,"href":"https:\/\/www.inforesidencias.com\/blog\/index.php\/wp-json\/wp\/v2\/posts\/942\/revisions"}],"predecessor-version":[{"id":947,"href":"https:\/\/www.inforesidencias.com\/blog\/index.php\/wp-json\/wp\/v2\/posts\/942\/revisions\/947"}],"wp:featuredmedia":[{"embeddable":true,"href":"https:\/\/www.inforesidencias.com\/blog\/index.php\/wp-json\/wp\/v2\/media\/946"}],"wp:attachment":[{"href":"https:\/\/www.inforesidencias.com\/blog\/index.php\/wp-json\/wp\/v2\/media?parent=942"}],"wp:term":[{"taxonomy":"category","embeddable":true,"href":"https:\/\/www.inforesidencias.com\/blog\/index.php\/wp-json\/wp\/v2\/categories?post=942"},{"taxonomy":"post_tag","embeddable":true,"href":"https:\/\/www.inforesidencias.com\/blog\/index.php\/wp-json\/wp\/v2\/tags?post=942"}],"curies":[{"name":"wp","href":"https:\/\/api.w.org\/{rel}","templated":true}]}}