{"id":984,"date":"2017-03-15T08:23:55","date_gmt":"2017-03-15T08:23:55","guid":{"rendered":"https:\/\/www.inforesidencias.com\/blog\/?p=984"},"modified":"2017-03-07T22:51:46","modified_gmt":"2017-03-07T22:51:46","slug":"reflexion-sobre-el-envejecimiento-del-dr-carlos-gil-galvez","status":"publish","type":"post","link":"https:\/\/www.inforesidencias.com\/blog\/index.php\/2017\/03\/15\/reflexion-sobre-el-envejecimiento-del-dr-carlos-gil-galvez\/","title":{"rendered":"Reflexi\u00f3n sobre el envejecimiento del Dr. Carlos Gil G\u00e1lvez"},"content":{"rendered":"<p>Un concepto como m\u00e9dico geront\u00f3logo cl\u00ednico y social que quiero introducir es el cambio hacia un nuevo paradigma con relaci\u00f3n a la <strong>interacci\u00f3n envejecimiento-salud-enfermedad<\/strong>, donde la promoci\u00f3n-prevenci\u00f3n- predicci\u00f3n-participaci\u00f3n activa de la sociedad en el campo de la salud-<a href=\"https:\/\/www.inforesidencias.com\/blog\/wp-content\/uploads\/2017\/02\/Captura-de-pantalla-2017-02-03-a-las-13.10.42.png\"><img decoding=\"async\" loading=\"lazy\" class=\" wp-image-979 alignleft\" src=\"https:\/\/www.inforesidencias.com\/blog\/wp-content\/uploads\/2017\/02\/Captura-de-pantalla-2017-02-03-a-las-13.10.42.png\" alt=\"Dr. Carlos Gil G\u00e1lvez\" width=\"451\" height=\"507\" \/><\/a>enfermedad-envejecimiento, es y ser\u00e1 m\u00e1s econ\u00f3mico que curar o intervenir en la\/s enfermedad\/es camino al 2060. Donde la utop\u00eda a lograr es envejecer libre de enfermedades a trav\u00e9s de la \u00abcompresi\u00f3n\u00bb de la dependencia y la autonom\u00eda, lo cual implica un nuevo modelo de pol\u00edticas p\u00fablicas y privadas tanto en el campo de la salud como en lo social y del modelo de formaci\u00f3n universitaria socio-sanitaria. Donde el objetivo a lograr es el envejecimiento activo, participativo y saludable en tiempos de vejez cuasi-universal. Pasar de cura a educar para prevenir en un contexto de cambio epidemiol\u00f3gico a escala local, regional y global. Nuestro desaf\u00edo es como hacer sostenible y sustentable el sistema p\u00fablico de salud en tiempos de vejez.<br \/>\nEn los \u00faltimos treinta a\u00f1os y espec\u00edficamente deshojando m\u00e1s de la la primera d\u00e9cada del Tercer Milenio, las sociedades locales, regionales y globales navegan entre m\u00faltiples crisis econ\u00f3micas que afecta seriamente a todo el tejido social y productivo de cualquier sociedad ya sea Rica o Pobre.<br \/>\nAbordar la realidad del envejecimiento en sus m\u00faltiples variables es todo un desaf\u00edo, como tambi\u00e9n abordar las enfermedades cr\u00f3nicas complejas en tiempos de vejez. Los desaf\u00edos no est\u00e1n solo en el campo econ\u00f3mico, sino tambi\u00e9n organizativo, como el cambio conductual de los prestadores de servicios en el campo de la salud con un universo social con m\u00faltiples necesidades psico-sociales. Para abordar la problem\u00e1tica del envejecimiento-vejez se lo debe hacer desde distintas \u00f3pticas, con el objetivo de promover un debate enriquecedor a trav\u00e9s de un conocimiento integral e integrador del tema. As\u00ed, deberemos conocer los desaf\u00edos, causas y consecuencias de este proceso.<br \/>\nConocer el envejecimiento y su interacci\u00f3n con la enfermedad, teniendo en cuenta las enfermedades m\u00e1s prevalentes en esta etapa del ciclo vital, no solo desde la \u00f3ptica biom\u00e9dicas, sino tambi\u00e9n psico-social.<br \/>\nDebemos conocer en qu\u00e9 consiste el modelo de envejecimiento activo y saludable, no solo desde el enfoque bio-m\u00e9dico, la salud p\u00fablica y privada, sino tambi\u00e9n desde el abordaje psico-social. La sociedad de la innovaci\u00f3n debe conocer la relaci\u00f3n e interacci\u00f3n sociedad-discapacidad-dependencia-muerte, desde una visi\u00f3n a largo plazo , desde la perspectiva de la gerontolog\u00eda cl\u00ednica y social y cual debe ser el rol del segundo y Tercer Sector a lo largo del proceso de envejecimiento.<br \/>\nPoco se conoce del impacto del envejecimiento demogr\u00e1fico en la familia, las consecuencias sociales y pol\u00edticas del proceso envejecimiento-vejez. Lo cual desde mi visi\u00f3n como m\u00e9dico geront\u00f3logo cl\u00ednico y social, el envejecimiento de la poblaci\u00f3n no solo nos plantea cambios en la estructura laboral, las interacciones entre generaciones y la din\u00e1mica familiar, sino tambi\u00e9n nos plantea debates \u00e9ticos-morales camino al 2060.<br \/>\nDesde el campo de la pol\u00edtica este \u00abproceso\u00bb genera una tensi\u00f3n din\u00e1mica tanto para las administraciones p\u00fablicas, como privadas a trav\u00e9s del aumento de gasto de ambos sectores, que deber\u00e1n dar respuestas \u00e1giles a las cambiantes necesidades de este nuevo segmento de la poblaci\u00f3n en r\u00e1pido crecimiento.<br \/>\nEste contexto y escenario nos debe plantear la necesidad de dar respuestas como alternativas a la complejidad y a las enfermedades complejas como la demencia tipo Alzheimer, donde la nutrici\u00f3n juega un rol activo en cualquier proceso de enfermedad mad aun en las enfermedades neurodegenerativas.<br \/>\nEsto requiere buscar la comprensi\u00f3n, la inclusi\u00f3n de la desnutrici\u00f3n y su importancia en las enfermedades complejas, dentro de una alianza estrat\u00e9gica de las pol\u00edticas de salud a escala nacional, regional y global.<br \/>\nPara lo cual se debe desarrollar iniciativas de comunicaci\u00f3n a trav\u00e9s de programas de divulgaci\u00f3n socio-sanitaria basada en la evidencia cl\u00ednica.<br \/>\nRealizar un cribado en todos los niveles asistenciales tanto del sistema sanitario p\u00fablico como privado.<br \/>\nCapacitar a los profesionales del sector para que puedan realizar un mejor diagn\u00f3stico y seguimiento de la desnutrici\u00f3n, tanto en los centros de salud como de los hospitales p\u00fablicos y privados.<br \/>\nClaves para la prevenci\u00f3n y el manejo de la desnutrici\u00f3n:<br \/>\n1-) Formaci\u00f3n de los profesionales de la salud<br \/>\n2-) Dise\u00f1o y desarrollo de herramientas de cribado nutricional obligatorias en los centros de salud de forma peri\u00f3dica<br \/>\n3-) Implantaci\u00f3n de protocolos de intervenci\u00f3n nutricional, tanto en la AP, hospitalaria, como residencias de personas mayores<br \/>\n4-) Desarrollo y seguimiento de un plan de monitoreo, tanto en los cuidados, como en las intervenciones nutricionales en el seguimiento y evaluaci\u00f3n del paciente desnutrido<br \/>\n5-) Evalusvion de los resultados en salud, teniendo en cuenta la calidad de vida y los gastos por las intervenciones aplicadas<br \/>\n6-) Dise\u00f1o y desarrollo de un registro local y nacional para todos aquellos que han sido diagnosticados con desnutrici\u00f3n asociada a la enfermedad, as\u00ed como de cualquier tipo de intervenci\u00f3n<br \/>\nEs muy importante conocer la relaci\u00f3n nutrici\u00f3n-enfermedad en tiempos de vejez y m\u00e1s a\u00fan cuando existe una enfermedad compleja como la demencia tipo Alzheimer. Sabiendo que la desnutrici\u00f3n es un co-factor com\u00fan asociado en todos los niveles de la salud p\u00fablica y privada en particular en las personas mayores, los enfermos con c\u00e1ncer, enfermedades cardiovasculares y en el Alzheimer. Tan solo en Espa\u00f1a 1 de casa 4 pacientes hospitalizados tienen desnutrici\u00f3n. \u00bfSabemos que pasa al Sur Del R\u00edo Bravo con relaci\u00f3n a la desnutrici\u00f3n-enfermedad?<\/p>\n<p><a href=\"https:\/\/l.facebook.com\/l.php?u=https%3A%2F%2Fyoutu.be%2FLfMUBFRWIfI&amp;h=ATPykv5dcNNoycB-pTe0kKBmrcvtlDQG7H6wXBcKb5ciZkNnxfrKzuziQS8xNwkycQ09NbZRqBgd8_eFOo01hGzfisp_Fl0wWPL4hATwL5Jnjy9onMmTmxCMgbxPBKskAFiQSEuLVP_sWQEnc5LAzg&amp;enc=AZPjYHg1TQmGhz26VoKyUPicfODNcwcEJ8nMhTH_aG4TYPFio-h01fG_lxdxRH4PzWAiKyWc4XxUIxf_Q5-VsgmvFUEEMUqp5hhVlKI6UAN1yq4nxBw2kMHFv3saMqyoh7cu5l_Nu2Z1601H74JuvoXW9BPraR_DYCRZ5ivbIsWgImFA2nzKMyE6J7D8XSTz5lU&amp;s=1\" target=\"_blank\" rel=\"nofollow noopener\">https:\/\/youtu.be\/LfMUBFRWIfI<\/a><br \/>\n<a href=\"https:\/\/youtu.be\/lv43z8YVQkY\" target=\"_blank\" rel=\"nofollow noopener\">https:\/\/youtu.be\/lv43z8YVQkY<\/a><\/p>\n","protected":false},"excerpt":{"rendered":"<p>Un concepto como m\u00e9dico geront\u00f3logo cl\u00ednico y social que quiero introducir es el cambio hacia un nuevo paradigma con relaci\u00f3n a la interacci\u00f3n envejecimiento-salud-enfermedad, donde la promoci\u00f3n-prevenci\u00f3n- predicci\u00f3n-participaci\u00f3n activa de la sociedad en el campo de la salud-enfermedad-envejecimiento, es y ser\u00e1 m\u00e1s econ\u00f3mico que curar o intervenir en la\/s enfermedad\/es camino al 2060. Donde la utop\u00eda a lograr es envejecer libre de enfermedades a trav\u00e9s de la \u00abcompresi\u00f3n\u00bb de la dependencia y la autonom\u00eda, lo cual implica un nuevo modelo de pol\u00edticas p\u00fablicas y privadas tanto en el campo de la salud como en lo social y del modelo de formaci\u00f3n universitaria socio-sanitaria. Donde el objetivo a lograr es el envejecimiento activo, participativo y saludable en tiempos de vejez cuasi-universal. Pasar de cura a educar para prevenir en un contexto de cambio epidemiol\u00f3gico a escala local, regional y global. Nuestro desaf\u00edo es como hacer sostenible y sustentable el sistema p\u00fablico [&hellip;]<\/p>\n","protected":false},"author":2,"featured_media":979,"comment_status":"open","ping_status":"open","sticky":false,"template":"","format":"standard","meta":{"footnotes":""},"categories":[14],"tags":[],"yoast_head":"<!-- This site is optimized with the Yoast SEO plugin v21.7 - https:\/\/yoast.com\/wordpress\/plugins\/seo\/ -->\n<title>Reflexi\u00f3n sobre el envejecimiento del Dr. Carlos Gil G\u00e1lvez - Blog Inforesidencias.com<\/title>\n<meta name=\"description\" content=\"Una reflexi\u00f3n sobre el envejecimiento de la sociedad y de las personas.\" \/>\n<meta name=\"robots\" content=\"index, follow, max-snippet:-1, max-image-preview:large, max-video-preview:-1\" \/>\n<link rel=\"canonical\" href=\"https:\/\/www.inforesidencias.com\/blog\/index.php\/2017\/03\/15\/reflexion-sobre-el-envejecimiento-del-dr-carlos-gil-galvez\/\" \/>\n<meta property=\"og:locale\" content=\"es_ES\" \/>\n<meta property=\"og:type\" content=\"article\" \/>\n<meta property=\"og:title\" content=\"Reflexi\u00f3n sobre el envejecimiento del Dr. Carlos Gil G\u00e1lvez - Blog Inforesidencias.com\" \/>\n<meta property=\"og:description\" content=\"Una reflexi\u00f3n sobre el envejecimiento de la sociedad y de las personas.\" \/>\n<meta property=\"og:url\" content=\"https:\/\/www.inforesidencias.com\/blog\/index.php\/2017\/03\/15\/reflexion-sobre-el-envejecimiento-del-dr-carlos-gil-galvez\/\" \/>\n<meta property=\"og:site_name\" content=\"Blog Inforesidencias.com\" \/>\n<meta property=\"article:publisher\" content=\"https:\/\/www.facebook.com\/Inforesidencias\/\" \/>\n<meta property=\"article:author\" content=\"https:\/\/www.facebook.com\/josep.demarti\" \/>\n<meta property=\"article:published_time\" content=\"2017-03-15T08:23:55+00:00\" \/>\n<meta property=\"article:modified_time\" content=\"2017-03-07T22:51:46+00:00\" \/>\n<meta property=\"og:image\" content=\"https:\/\/www.inforesidencias.com\/blog\/wp-content\/uploads\/2017\/02\/Captura-de-pantalla-2017-02-03-a-las-13.10.42.png\" \/>\n\t<meta property=\"og:image:width\" content=\"591\" \/>\n\t<meta property=\"og:image:height\" content=\"664\" \/>\n\t<meta property=\"og:image:type\" content=\"image\/png\" \/>\n<meta name=\"author\" content=\"Josep de Mart\u00ed\" \/>\n<meta name=\"twitter:card\" content=\"summary_large_image\" \/>\n<meta name=\"twitter:creator\" content=\"@blog-ir\" \/>\n<meta name=\"twitter:site\" content=\"@inforesidencias\" \/>\n<meta name=\"twitter:label1\" content=\"Escrito por\" \/>\n\t<meta name=\"twitter:data1\" content=\"Josep de Mart\u00ed\" \/>\n\t<meta name=\"twitter:label2\" content=\"Tiempo de lectura\" \/>\n\t<meta name=\"twitter:data2\" content=\"5 minutos\" \/>\n<script type=\"application\/ld+json\" class=\"yoast-schema-graph\">{\"@context\":\"https:\/\/schema.org\",\"@graph\":[{\"@type\":\"WebPage\",\"@id\":\"https:\/\/www.inforesidencias.com\/blog\/index.php\/2017\/03\/15\/reflexion-sobre-el-envejecimiento-del-dr-carlos-gil-galvez\/\",\"url\":\"https:\/\/www.inforesidencias.com\/blog\/index.php\/2017\/03\/15\/reflexion-sobre-el-envejecimiento-del-dr-carlos-gil-galvez\/\",\"name\":\"Reflexi\u00f3n sobre el envejecimiento del Dr. Carlos Gil G\u00e1lvez - Blog Inforesidencias.com\",\"isPartOf\":{\"@id\":\"https:\/\/www.inforesidencias.com\/blog\/#website\"},\"datePublished\":\"2017-03-15T08:23:55+00:00\",\"dateModified\":\"2017-03-07T22:51:46+00:00\",\"author\":{\"@id\":\"https:\/\/www.inforesidencias.com\/blog\/#\/schema\/person\/9e146774d1eb3bc1c0316242a3898628\"},\"description\":\"Una reflexi\u00f3n sobre el envejecimiento de la sociedad y de las personas.\",\"breadcrumb\":{\"@id\":\"https:\/\/www.inforesidencias.com\/blog\/index.php\/2017\/03\/15\/reflexion-sobre-el-envejecimiento-del-dr-carlos-gil-galvez\/#breadcrumb\"},\"inLanguage\":\"es\",\"potentialAction\":[{\"@type\":\"ReadAction\",\"target\":[\"https:\/\/www.inforesidencias.com\/blog\/index.php\/2017\/03\/15\/reflexion-sobre-el-envejecimiento-del-dr-carlos-gil-galvez\/\"]}]},{\"@type\":\"BreadcrumbList\",\"@id\":\"https:\/\/www.inforesidencias.com\/blog\/index.php\/2017\/03\/15\/reflexion-sobre-el-envejecimiento-del-dr-carlos-gil-galvez\/#breadcrumb\",\"itemListElement\":[{\"@type\":\"ListItem\",\"position\":1,\"name\":\"Home\",\"item\":\"https:\/\/www.inforesidencias.com\/blog\/\"},{\"@type\":\"ListItem\",\"position\":2,\"name\":\"Reflexi\u00f3n sobre el envejecimiento del Dr. Carlos Gil G\u00e1lvez\"}]},{\"@type\":\"WebSite\",\"@id\":\"https:\/\/www.inforesidencias.com\/blog\/#website\",\"url\":\"https:\/\/www.inforesidencias.com\/blog\/\",\"name\":\"Blog Inforesidencias.com\",\"description\":\"El buscador de residencias de la 3\u00aa edad\",\"potentialAction\":[{\"@type\":\"SearchAction\",\"target\":{\"@type\":\"EntryPoint\",\"urlTemplate\":\"https:\/\/www.inforesidencias.com\/blog\/?s={search_term_string}\"},\"query-input\":\"required name=search_term_string\"}],\"inLanguage\":\"es\"},{\"@type\":\"Person\",\"@id\":\"https:\/\/www.inforesidencias.com\/blog\/#\/schema\/person\/9e146774d1eb3bc1c0316242a3898628\",\"name\":\"Josep de Mart\u00ed\",\"image\":{\"@type\":\"ImageObject\",\"inLanguage\":\"es\",\"@id\":\"https:\/\/www.inforesidencias.com\/blog\/#\/schema\/person\/image\/\",\"url\":\"https:\/\/secure.gravatar.com\/avatar\/de0302c4806c00c4cebff396a798c1ff?s=96&d=mm&r=g\",\"contentUrl\":\"https:\/\/secure.gravatar.com\/avatar\/de0302c4806c00c4cebff396a798c1ff?s=96&d=mm&r=g\",\"caption\":\"Josep de Mart\u00ed\"},\"sameAs\":[\"https:\/\/www.inforesidencias.com\",\"https:\/\/www.facebook.com\/josep.demarti\",\"https:\/\/twitter.com\/blog-ir\"],\"url\":\"https:\/\/www.inforesidencias.com\/blog\/index.php\/author\/josepdemarti\/\"}]}<\/script>\n<!-- \/ Yoast SEO plugin. -->","yoast_head_json":{"title":"Reflexi\u00f3n sobre el envejecimiento del Dr. Carlos Gil G\u00e1lvez - Blog Inforesidencias.com","description":"Una reflexi\u00f3n sobre el envejecimiento de la sociedad y de las personas.","robots":{"index":"index","follow":"follow","max-snippet":"max-snippet:-1","max-image-preview":"max-image-preview:large","max-video-preview":"max-video-preview:-1"},"canonical":"https:\/\/www.inforesidencias.com\/blog\/index.php\/2017\/03\/15\/reflexion-sobre-el-envejecimiento-del-dr-carlos-gil-galvez\/","og_locale":"es_ES","og_type":"article","og_title":"Reflexi\u00f3n sobre el envejecimiento del Dr. Carlos Gil G\u00e1lvez - Blog Inforesidencias.com","og_description":"Una reflexi\u00f3n sobre el envejecimiento de la sociedad y de las personas.","og_url":"https:\/\/www.inforesidencias.com\/blog\/index.php\/2017\/03\/15\/reflexion-sobre-el-envejecimiento-del-dr-carlos-gil-galvez\/","og_site_name":"Blog Inforesidencias.com","article_publisher":"https:\/\/www.facebook.com\/Inforesidencias\/","article_author":"https:\/\/www.facebook.com\/josep.demarti","article_published_time":"2017-03-15T08:23:55+00:00","article_modified_time":"2017-03-07T22:51:46+00:00","og_image":[{"width":591,"height":664,"url":"https:\/\/www.inforesidencias.com\/blog\/wp-content\/uploads\/2017\/02\/Captura-de-pantalla-2017-02-03-a-las-13.10.42.png","type":"image\/png"}],"author":"Josep de Mart\u00ed","twitter_card":"summary_large_image","twitter_creator":"@blog-ir","twitter_site":"@inforesidencias","twitter_misc":{"Escrito por":"Josep de Mart\u00ed","Tiempo de lectura":"5 minutos"},"schema":{"@context":"https:\/\/schema.org","@graph":[{"@type":"WebPage","@id":"https:\/\/www.inforesidencias.com\/blog\/index.php\/2017\/03\/15\/reflexion-sobre-el-envejecimiento-del-dr-carlos-gil-galvez\/","url":"https:\/\/www.inforesidencias.com\/blog\/index.php\/2017\/03\/15\/reflexion-sobre-el-envejecimiento-del-dr-carlos-gil-galvez\/","name":"Reflexi\u00f3n sobre el envejecimiento del Dr. Carlos Gil G\u00e1lvez - Blog Inforesidencias.com","isPartOf":{"@id":"https:\/\/www.inforesidencias.com\/blog\/#website"},"datePublished":"2017-03-15T08:23:55+00:00","dateModified":"2017-03-07T22:51:46+00:00","author":{"@id":"https:\/\/www.inforesidencias.com\/blog\/#\/schema\/person\/9e146774d1eb3bc1c0316242a3898628"},"description":"Una reflexi\u00f3n sobre el envejecimiento de la sociedad y de las personas.","breadcrumb":{"@id":"https:\/\/www.inforesidencias.com\/blog\/index.php\/2017\/03\/15\/reflexion-sobre-el-envejecimiento-del-dr-carlos-gil-galvez\/#breadcrumb"},"inLanguage":"es","potentialAction":[{"@type":"ReadAction","target":["https:\/\/www.inforesidencias.com\/blog\/index.php\/2017\/03\/15\/reflexion-sobre-el-envejecimiento-del-dr-carlos-gil-galvez\/"]}]},{"@type":"BreadcrumbList","@id":"https:\/\/www.inforesidencias.com\/blog\/index.php\/2017\/03\/15\/reflexion-sobre-el-envejecimiento-del-dr-carlos-gil-galvez\/#breadcrumb","itemListElement":[{"@type":"ListItem","position":1,"name":"Home","item":"https:\/\/www.inforesidencias.com\/blog\/"},{"@type":"ListItem","position":2,"name":"Reflexi\u00f3n sobre el envejecimiento del Dr. Carlos Gil G\u00e1lvez"}]},{"@type":"WebSite","@id":"https:\/\/www.inforesidencias.com\/blog\/#website","url":"https:\/\/www.inforesidencias.com\/blog\/","name":"Blog Inforesidencias.com","description":"El buscador de residencias de la 3\u00aa edad","potentialAction":[{"@type":"SearchAction","target":{"@type":"EntryPoint","urlTemplate":"https:\/\/www.inforesidencias.com\/blog\/?s={search_term_string}"},"query-input":"required name=search_term_string"}],"inLanguage":"es"},{"@type":"Person","@id":"https:\/\/www.inforesidencias.com\/blog\/#\/schema\/person\/9e146774d1eb3bc1c0316242a3898628","name":"Josep de Mart\u00ed","image":{"@type":"ImageObject","inLanguage":"es","@id":"https:\/\/www.inforesidencias.com\/blog\/#\/schema\/person\/image\/","url":"https:\/\/secure.gravatar.com\/avatar\/de0302c4806c00c4cebff396a798c1ff?s=96&d=mm&r=g","contentUrl":"https:\/\/secure.gravatar.com\/avatar\/de0302c4806c00c4cebff396a798c1ff?s=96&d=mm&r=g","caption":"Josep de Mart\u00ed"},"sameAs":["https:\/\/www.inforesidencias.com","https:\/\/www.facebook.com\/josep.demarti","https:\/\/twitter.com\/blog-ir"],"url":"https:\/\/www.inforesidencias.com\/blog\/index.php\/author\/josepdemarti\/"}]}},"_links":{"self":[{"href":"https:\/\/www.inforesidencias.com\/blog\/index.php\/wp-json\/wp\/v2\/posts\/984"}],"collection":[{"href":"https:\/\/www.inforesidencias.com\/blog\/index.php\/wp-json\/wp\/v2\/posts"}],"about":[{"href":"https:\/\/www.inforesidencias.com\/blog\/index.php\/wp-json\/wp\/v2\/types\/post"}],"author":[{"embeddable":true,"href":"https:\/\/www.inforesidencias.com\/blog\/index.php\/wp-json\/wp\/v2\/users\/2"}],"replies":[{"embeddable":true,"href":"https:\/\/www.inforesidencias.com\/blog\/index.php\/wp-json\/wp\/v2\/comments?post=984"}],"version-history":[{"count":2,"href":"https:\/\/www.inforesidencias.com\/blog\/index.php\/wp-json\/wp\/v2\/posts\/984\/revisions"}],"predecessor-version":[{"id":986,"href":"https:\/\/www.inforesidencias.com\/blog\/index.php\/wp-json\/wp\/v2\/posts\/984\/revisions\/986"}],"wp:featuredmedia":[{"embeddable":true,"href":"https:\/\/www.inforesidencias.com\/blog\/index.php\/wp-json\/wp\/v2\/media\/979"}],"wp:attachment":[{"href":"https:\/\/www.inforesidencias.com\/blog\/index.php\/wp-json\/wp\/v2\/media?parent=984"}],"wp:term":[{"taxonomy":"category","embeddable":true,"href":"https:\/\/www.inforesidencias.com\/blog\/index.php\/wp-json\/wp\/v2\/categories?post=984"},{"taxonomy":"post_tag","embeddable":true,"href":"https:\/\/www.inforesidencias.com\/blog\/index.php\/wp-json\/wp\/v2\/tags?post=984"}],"curies":[{"name":"wp","href":"https:\/\/api.w.org\/{rel}","templated":true}]}}