{"id":998,"date":"2017-02-21T19:57:35","date_gmt":"2017-02-21T19:57:35","guid":{"rendered":"https:\/\/www.inforesidencias.com\/blog\/?p=998"},"modified":"2017-02-21T20:04:32","modified_gmt":"2017-02-21T20:04:32","slug":"una-residencia-especializada-en-demencia-en-alemania","status":"publish","type":"post","link":"https:\/\/www.inforesidencias.com\/blog\/index.php\/2017\/02\/21\/una-residencia-especializada-en-demencia-en-alemania\/","title":{"rendered":"Una residencia especializada en demencia en Alemania"},"content":{"rendered":"<p>En el pr\u00f3ximo<a href=\"https:\/\/www.inforesidencias.com\/contenidos\/noticias\/nacional\/viajes-geroasistenciales-de-inforesidencias\"> viaje geroasistencial a Alemania<\/a>\u00a0del 24 al 28 de abril de 2017,\u00a0visitaremos el <a href=\"http:\/\/www.hephata-stadtmission.de\/\">centro\u00a0Hepatha<\/a>, una residencia especializada en la atenci\u00f3n a personas con demencia\u00a0aplicando el\u00a0m\u00e9todo <strong><em>Gerontopsychiatrische Pflege und Betreuung<\/em> <\/strong>(<strong>Gerontopsiquiatr\u00eda cuidar y apoyar<\/strong>) , que es un sistema\u00a0de trabajo interdisciplinar basado en la formaci\u00f3n continua de los miembros del equipo, especialmente las enfermeras para mantener y respetar\u00a0las capacidades de las personas con demencia.<\/p>\n<p><a href=\"https:\/\/www.inforesidencias.com\/blog\/wp-content\/uploads\/2017\/02\/Captura-de-pantalla-2017-02-21-a-las-19.43.20.png\"><img decoding=\"async\" loading=\"lazy\" class=\" size-full wp-image-999 aligncenter\" src=\"https:\/\/www.inforesidencias.com\/blog\/wp-content\/uploads\/2017\/02\/Captura-de-pantalla-2017-02-21-a-las-19.43.20.png\" alt=\"Exterior de la residencia\" width=\"520\" height=\"347\" \/><\/a>La arquitectura del centro gira alrededor de un gran espacio cubierto con una enorme claraboya que act\u00faa como la plaza central de un pueblo y es donde se organizan actividades colectivas como fiestas, conciertos y encuentros tradicionales con j\u00f3venes y gente del entorno.<\/p>\n<p>Durante la visita nos explicar\u00e1n en qu\u00e9 consiste este m\u00e9todo de trabajo y el sistema de valoraci\u00f3n de la calidad (AVPfleWoqG). Tambi\u00e9n nos hablar\u00e1n de las inspecciones peri\u00f3dicas sin previo aviso de los servicios m\u00e9dicos del seguro de salud (MDK) y el supervisor estatal (FQA)<\/p>\n<div id=\"attachment_1001\" style=\"width: 336px\" class=\"wp-caption alignright\"><a href=\"https:\/\/www.inforesidencias.com\/blog\/wp-content\/uploads\/2017\/02\/Captura-de-pantalla-2017-02-21-a-las-19.38.14.png\"><img aria-describedby=\"caption-attachment-1001\" decoding=\"async\" loading=\"lazy\" class=\"size-full wp-image-1001\" src=\"https:\/\/www.inforesidencias.com\/blog\/wp-content\/uploads\/2017\/02\/Captura-de-pantalla-2017-02-21-a-las-19.38.14.png\" alt=\"La reminiscencia permite a los residentes con demencia establecer contacto con elementos conocidos,\" width=\"326\" height=\"258\" \/><\/a><p id=\"caption-attachment-1001\" class=\"wp-caption-text\">Un rinc\u00f3n de reminiscencia en forma de taller de costura donde una m\u00e1quina de coser se convierte en algo significativo<\/p><\/div>\n<p style=\"text-align: left\">Antes de la visita nos han hecho una peque\u00f1a explicaci\u00f3n de su modelo de atenci\u00f3n que queremos compartir:<\/p>\n<div id=\"attachment_1000\" style=\"width: 292px\" class=\"wp-caption alignright\"><a href=\"https:\/\/www.inforesidencias.com\/blog\/wp-content\/uploads\/2017\/02\/Captura-de-pantalla-2017-02-21-a-las-19.41.36.png\"><img aria-describedby=\"caption-attachment-1000\" decoding=\"async\" loading=\"lazy\" class=\"wp-image-1000 size-full\" src=\"https:\/\/www.inforesidencias.com\/blog\/wp-content\/uploads\/2017\/02\/Captura-de-pantalla-2017-02-21-a-las-19.41.36.png\" alt=\"La &quot;plaza del pueblo de la residencia&quot;\" width=\"282\" height=\"186\" \/><\/a><p id=\"caption-attachment-1000\" class=\"wp-caption-text\">La residencia es la comunidad donde viven los residentes y esta es la \u201cplaza\u201d donde tienen lugar las actividades comunitarias.<\/p><\/div>\n<p style=\"text-align: left\"><em>Las personas con demencia se enfrentan con dificultad al presente. Es como si el tiempo se les hubiera perdido, como si los retales de su vida se hubieran mezclado de forma incomprensible. Nuestros empleados est\u00e1n especialmente formados para darse cuenta, entender, aceptar y acompa\u00f1ar a personas con demencia. Esto implica saber que ellos viven en su propio mundo con comportamientos que quiz\u00e1s no entendamos. Corregirles constantemente supone desasoegarlos constantemente y empujarles hacia sus propias debilidades. El personal profesional del centro intenta buscar el nivel adecuado de apoyo que necesitan los residentes en una atm\u00f3sfera abierta en la que saben que est\u00e1n all\u00ed para los residentes. Los programas diarios ritualizados proporcionan seguridad. Nuestras enfermeras y cuidadores se aproximan individualmente a cada residente observando y aprendiendo de sus comportamientos. Esto les lleva a una aproximaci\u00f3n amigable que puede comportar, cocinar, hacer ejercicio, pasear por el jard\u00edn o pasar un rato mirando fotograf\u00edas. Desde el punto de vista arquitect\u00f3nico, la residencia Hephata ha considerado el color de las paredes, los tama\u00f1os y formas de las habitaciones y espacios comunes as\u00ed como incluso el dise\u00f1o del jard\u00edn para que todo se adapte a las necesidades de personas que sufren demencia. Muchas salas act\u00faan como espacios de reminiscencia con muebles, utensilios, aparatos y fotograf\u00edas de tiempos pasado que hacen que el residente se sienta m\u00e1s en su casa, porque en ocasiones, su casa es m\u00e1s el pasado que el \u201choy\u201d.<\/em><\/p>\n","protected":false},"excerpt":{"rendered":"<p>En el pr\u00f3ximo viaje geroasistencial a Alemania\u00a0del 24 al 28 de abril de 2017,\u00a0visitaremos el centro\u00a0Hepatha, una residencia especializada en la atenci\u00f3n a personas con demencia\u00a0aplicando el\u00a0m\u00e9todo Gerontopsychiatrische Pflege und Betreuung (Gerontopsiquiatr\u00eda cuidar y apoyar) , que es un sistema\u00a0de trabajo interdisciplinar basado en la formaci\u00f3n continua de los miembros del equipo, especialmente las enfermeras para mantener y respetar\u00a0las capacidades de las personas con demencia. La arquitectura del centro gira alrededor de un gran espacio cubierto con una enorme claraboya que act\u00faa como la plaza central de un pueblo y es donde se organizan actividades colectivas como fiestas, conciertos y encuentros tradicionales con j\u00f3venes y gente del entorno. Durante la visita nos explicar\u00e1n en qu\u00e9 consiste este m\u00e9todo de trabajo y el sistema de valoraci\u00f3n de la calidad (AVPfleWoqG). Tambi\u00e9n nos hablar\u00e1n de las inspecciones peri\u00f3dicas sin previo aviso de los servicios m\u00e9dicos del seguro de salud (MDK) y el [&hellip;]<\/p>\n","protected":false},"author":2,"featured_media":0,"comment_status":"open","ping_status":"open","sticky":false,"template":"","format":"standard","meta":{"footnotes":""},"categories":[14,3,4,5],"tags":[],"yoast_head":"<!-- This site is optimized with the Yoast SEO plugin v21.7 - https:\/\/yoast.com\/wordpress\/plugins\/seo\/ -->\n<title>Una residencia especializada en demencia en Alemania - Blog Inforesidencias.com<\/title>\n<meta name=\"description\" content=\"En el viaje a Alemania del 24 al 28 de abril de 2017 visitaremos la residencia Hephata especializada en demencia\" \/>\n<meta name=\"robots\" content=\"index, follow, max-snippet:-1, max-image-preview:large, max-video-preview:-1\" \/>\n<link rel=\"canonical\" href=\"https:\/\/www.inforesidencias.com\/blog\/index.php\/2017\/02\/21\/una-residencia-especializada-en-demencia-en-alemania\/\" \/>\n<meta property=\"og:locale\" content=\"es_ES\" \/>\n<meta property=\"og:type\" content=\"article\" \/>\n<meta property=\"og:title\" content=\"Una residencia especializada en demencia en Alemania - Blog Inforesidencias.com\" \/>\n<meta property=\"og:description\" content=\"En el viaje a Alemania del 24 al 28 de abril de 2017 visitaremos la residencia Hephata especializada en demencia\" \/>\n<meta property=\"og:url\" content=\"https:\/\/www.inforesidencias.com\/blog\/index.php\/2017\/02\/21\/una-residencia-especializada-en-demencia-en-alemania\/\" \/>\n<meta property=\"og:site_name\" content=\"Blog Inforesidencias.com\" \/>\n<meta property=\"article:publisher\" content=\"https:\/\/www.facebook.com\/Inforesidencias\/\" \/>\n<meta property=\"article:author\" content=\"https:\/\/www.facebook.com\/josep.demarti\" \/>\n<meta property=\"article:published_time\" content=\"2017-02-21T19:57:35+00:00\" \/>\n<meta property=\"article:modified_time\" content=\"2017-02-21T20:04:32+00:00\" \/>\n<meta property=\"og:image\" content=\"https:\/\/www.inforesidencias.com\/blog\/wp-content\/uploads\/2017\/02\/Captura-de-pantalla-2017-02-21-a-las-19.43.20.png\" \/>\n<meta name=\"author\" content=\"Josep de Mart\u00ed\" \/>\n<meta name=\"twitter:card\" content=\"summary_large_image\" \/>\n<meta name=\"twitter:creator\" content=\"@blog-ir\" \/>\n<meta name=\"twitter:site\" content=\"@inforesidencias\" \/>\n<meta name=\"twitter:label1\" content=\"Escrito por\" \/>\n\t<meta name=\"twitter:data1\" content=\"Josep de Mart\u00ed\" \/>\n\t<meta name=\"twitter:label2\" content=\"Tiempo de lectura\" \/>\n\t<meta name=\"twitter:data2\" content=\"2 minutos\" \/>\n<script type=\"application\/ld+json\" class=\"yoast-schema-graph\">{\"@context\":\"https:\/\/schema.org\",\"@graph\":[{\"@type\":\"WebPage\",\"@id\":\"https:\/\/www.inforesidencias.com\/blog\/index.php\/2017\/02\/21\/una-residencia-especializada-en-demencia-en-alemania\/\",\"url\":\"https:\/\/www.inforesidencias.com\/blog\/index.php\/2017\/02\/21\/una-residencia-especializada-en-demencia-en-alemania\/\",\"name\":\"Una residencia especializada en demencia en Alemania - Blog Inforesidencias.com\",\"isPartOf\":{\"@id\":\"https:\/\/www.inforesidencias.com\/blog\/#website\"},\"datePublished\":\"2017-02-21T19:57:35+00:00\",\"dateModified\":\"2017-02-21T20:04:32+00:00\",\"author\":{\"@id\":\"https:\/\/www.inforesidencias.com\/blog\/#\/schema\/person\/9e146774d1eb3bc1c0316242a3898628\"},\"description\":\"En el viaje a Alemania del 24 al 28 de abril de 2017 visitaremos la residencia Hephata especializada en demencia\",\"breadcrumb\":{\"@id\":\"https:\/\/www.inforesidencias.com\/blog\/index.php\/2017\/02\/21\/una-residencia-especializada-en-demencia-en-alemania\/#breadcrumb\"},\"inLanguage\":\"es\",\"potentialAction\":[{\"@type\":\"ReadAction\",\"target\":[\"https:\/\/www.inforesidencias.com\/blog\/index.php\/2017\/02\/21\/una-residencia-especializada-en-demencia-en-alemania\/\"]}]},{\"@type\":\"BreadcrumbList\",\"@id\":\"https:\/\/www.inforesidencias.com\/blog\/index.php\/2017\/02\/21\/una-residencia-especializada-en-demencia-en-alemania\/#breadcrumb\",\"itemListElement\":[{\"@type\":\"ListItem\",\"position\":1,\"name\":\"Home\",\"item\":\"https:\/\/www.inforesidencias.com\/blog\/\"},{\"@type\":\"ListItem\",\"position\":2,\"name\":\"Una residencia especializada en demencia en Alemania\"}]},{\"@type\":\"WebSite\",\"@id\":\"https:\/\/www.inforesidencias.com\/blog\/#website\",\"url\":\"https:\/\/www.inforesidencias.com\/blog\/\",\"name\":\"Blog Inforesidencias.com\",\"description\":\"El buscador de residencias de la 3\u00aa edad\",\"potentialAction\":[{\"@type\":\"SearchAction\",\"target\":{\"@type\":\"EntryPoint\",\"urlTemplate\":\"https:\/\/www.inforesidencias.com\/blog\/?s={search_term_string}\"},\"query-input\":\"required name=search_term_string\"}],\"inLanguage\":\"es\"},{\"@type\":\"Person\",\"@id\":\"https:\/\/www.inforesidencias.com\/blog\/#\/schema\/person\/9e146774d1eb3bc1c0316242a3898628\",\"name\":\"Josep de Mart\u00ed\",\"image\":{\"@type\":\"ImageObject\",\"inLanguage\":\"es\",\"@id\":\"https:\/\/www.inforesidencias.com\/blog\/#\/schema\/person\/image\/\",\"url\":\"https:\/\/secure.gravatar.com\/avatar\/de0302c4806c00c4cebff396a798c1ff?s=96&d=mm&r=g\",\"contentUrl\":\"https:\/\/secure.gravatar.com\/avatar\/de0302c4806c00c4cebff396a798c1ff?s=96&d=mm&r=g\",\"caption\":\"Josep de Mart\u00ed\"},\"sameAs\":[\"https:\/\/www.inforesidencias.com\",\"https:\/\/www.facebook.com\/josep.demarti\",\"https:\/\/twitter.com\/blog-ir\"],\"url\":\"https:\/\/www.inforesidencias.com\/blog\/index.php\/author\/josepdemarti\/\"}]}<\/script>\n<!-- \/ Yoast SEO plugin. -->","yoast_head_json":{"title":"Una residencia especializada en demencia en Alemania - Blog Inforesidencias.com","description":"En el viaje a Alemania del 24 al 28 de abril de 2017 visitaremos la residencia Hephata especializada en demencia","robots":{"index":"index","follow":"follow","max-snippet":"max-snippet:-1","max-image-preview":"max-image-preview:large","max-video-preview":"max-video-preview:-1"},"canonical":"https:\/\/www.inforesidencias.com\/blog\/index.php\/2017\/02\/21\/una-residencia-especializada-en-demencia-en-alemania\/","og_locale":"es_ES","og_type":"article","og_title":"Una residencia especializada en demencia en Alemania - Blog Inforesidencias.com","og_description":"En el viaje a Alemania del 24 al 28 de abril de 2017 visitaremos la residencia Hephata especializada en demencia","og_url":"https:\/\/www.inforesidencias.com\/blog\/index.php\/2017\/02\/21\/una-residencia-especializada-en-demencia-en-alemania\/","og_site_name":"Blog Inforesidencias.com","article_publisher":"https:\/\/www.facebook.com\/Inforesidencias\/","article_author":"https:\/\/www.facebook.com\/josep.demarti","article_published_time":"2017-02-21T19:57:35+00:00","article_modified_time":"2017-02-21T20:04:32+00:00","og_image":[{"url":"https:\/\/www.inforesidencias.com\/blog\/wp-content\/uploads\/2017\/02\/Captura-de-pantalla-2017-02-21-a-las-19.43.20.png"}],"author":"Josep de Mart\u00ed","twitter_card":"summary_large_image","twitter_creator":"@blog-ir","twitter_site":"@inforesidencias","twitter_misc":{"Escrito por":"Josep de Mart\u00ed","Tiempo de lectura":"2 minutos"},"schema":{"@context":"https:\/\/schema.org","@graph":[{"@type":"WebPage","@id":"https:\/\/www.inforesidencias.com\/blog\/index.php\/2017\/02\/21\/una-residencia-especializada-en-demencia-en-alemania\/","url":"https:\/\/www.inforesidencias.com\/blog\/index.php\/2017\/02\/21\/una-residencia-especializada-en-demencia-en-alemania\/","name":"Una residencia especializada en demencia en Alemania - Blog Inforesidencias.com","isPartOf":{"@id":"https:\/\/www.inforesidencias.com\/blog\/#website"},"datePublished":"2017-02-21T19:57:35+00:00","dateModified":"2017-02-21T20:04:32+00:00","author":{"@id":"https:\/\/www.inforesidencias.com\/blog\/#\/schema\/person\/9e146774d1eb3bc1c0316242a3898628"},"description":"En el viaje a Alemania del 24 al 28 de abril de 2017 visitaremos la residencia Hephata especializada en demencia","breadcrumb":{"@id":"https:\/\/www.inforesidencias.com\/blog\/index.php\/2017\/02\/21\/una-residencia-especializada-en-demencia-en-alemania\/#breadcrumb"},"inLanguage":"es","potentialAction":[{"@type":"ReadAction","target":["https:\/\/www.inforesidencias.com\/blog\/index.php\/2017\/02\/21\/una-residencia-especializada-en-demencia-en-alemania\/"]}]},{"@type":"BreadcrumbList","@id":"https:\/\/www.inforesidencias.com\/blog\/index.php\/2017\/02\/21\/una-residencia-especializada-en-demencia-en-alemania\/#breadcrumb","itemListElement":[{"@type":"ListItem","position":1,"name":"Home","item":"https:\/\/www.inforesidencias.com\/blog\/"},{"@type":"ListItem","position":2,"name":"Una residencia especializada en demencia en Alemania"}]},{"@type":"WebSite","@id":"https:\/\/www.inforesidencias.com\/blog\/#website","url":"https:\/\/www.inforesidencias.com\/blog\/","name":"Blog Inforesidencias.com","description":"El buscador de residencias de la 3\u00aa edad","potentialAction":[{"@type":"SearchAction","target":{"@type":"EntryPoint","urlTemplate":"https:\/\/www.inforesidencias.com\/blog\/?s={search_term_string}"},"query-input":"required name=search_term_string"}],"inLanguage":"es"},{"@type":"Person","@id":"https:\/\/www.inforesidencias.com\/blog\/#\/schema\/person\/9e146774d1eb3bc1c0316242a3898628","name":"Josep de Mart\u00ed","image":{"@type":"ImageObject","inLanguage":"es","@id":"https:\/\/www.inforesidencias.com\/blog\/#\/schema\/person\/image\/","url":"https:\/\/secure.gravatar.com\/avatar\/de0302c4806c00c4cebff396a798c1ff?s=96&d=mm&r=g","contentUrl":"https:\/\/secure.gravatar.com\/avatar\/de0302c4806c00c4cebff396a798c1ff?s=96&d=mm&r=g","caption":"Josep de Mart\u00ed"},"sameAs":["https:\/\/www.inforesidencias.com","https:\/\/www.facebook.com\/josep.demarti","https:\/\/twitter.com\/blog-ir"],"url":"https:\/\/www.inforesidencias.com\/blog\/index.php\/author\/josepdemarti\/"}]}},"_links":{"self":[{"href":"https:\/\/www.inforesidencias.com\/blog\/index.php\/wp-json\/wp\/v2\/posts\/998"}],"collection":[{"href":"https:\/\/www.inforesidencias.com\/blog\/index.php\/wp-json\/wp\/v2\/posts"}],"about":[{"href":"https:\/\/www.inforesidencias.com\/blog\/index.php\/wp-json\/wp\/v2\/types\/post"}],"author":[{"embeddable":true,"href":"https:\/\/www.inforesidencias.com\/blog\/index.php\/wp-json\/wp\/v2\/users\/2"}],"replies":[{"embeddable":true,"href":"https:\/\/www.inforesidencias.com\/blog\/index.php\/wp-json\/wp\/v2\/comments?post=998"}],"version-history":[{"count":8,"href":"https:\/\/www.inforesidencias.com\/blog\/index.php\/wp-json\/wp\/v2\/posts\/998\/revisions"}],"predecessor-version":[{"id":1009,"href":"https:\/\/www.inforesidencias.com\/blog\/index.php\/wp-json\/wp\/v2\/posts\/998\/revisions\/1009"}],"wp:attachment":[{"href":"https:\/\/www.inforesidencias.com\/blog\/index.php\/wp-json\/wp\/v2\/media?parent=998"}],"wp:term":[{"taxonomy":"category","embeddable":true,"href":"https:\/\/www.inforesidencias.com\/blog\/index.php\/wp-json\/wp\/v2\/categories?post=998"},{"taxonomy":"post_tag","embeddable":true,"href":"https:\/\/www.inforesidencias.com\/blog\/index.php\/wp-json\/wp\/v2\/tags?post=998"}],"curies":[{"name":"wp","href":"https:\/\/api.w.org\/{rel}","templated":true}]}}